{"id":2673,"date":"2023-04-12T10:50:31","date_gmt":"2023-04-12T08:50:31","guid":{"rendered":"https:\/\/ettic.org\/blog\/?p=2673"},"modified":"2024-02-02T11:48:13","modified_gmt":"2024-02-02T10:48:13","slug":"paroles-dinterimaires","status":"publish","type":"post","link":"https:\/\/ettic.org\/blog\/2023\/04\/12\/paroles-dinterimaires\/","title":{"rendered":"Paroles d&rsquo;int\u00e9rimaires"},"content":{"rendered":"\n<div style=\"height:50px\" aria-hidden=\"true\" class=\"wp-block-spacer\"><\/div>\n\n\n\n<h1 class=\"wp-block-heading\">Xavier, Agent de soins.<\/h1>\n\n\n\n<div style=\"height:25px\" aria-hidden=\"true\" class=\"wp-block-spacer\"><\/div>\n\n\n\n<h6 class=\"wp-block-heading\">Ancien Responsable de production dans l\u2019industrie pendant plus de 30 ans, Xavier est aujourd\u2019hui en pleine reconversion. Il a accept\u00e9 de nous raconter son parcours.<\/h6>\n\n\n\n<div style=\"height:25px\" aria-hidden=\"true\" class=\"wp-block-spacer\"><\/div>\n\n\n\n<div style=\"height:25px\" aria-hidden=\"true\" class=\"wp-block-spacer\"><\/div>\n\n\n<div class=\"wp-block-image\">\n<figure class=\"alignright size-full is-resized\"><img loading=\"lazy\" decoding=\"async\" src=\"https:\/\/ettic.org\/blog\/wp-content\/themes\/veen\/assets\/images\/transparent.gif\" data-lazy=\"true\" data-src=\"https:\/\/ettic.org\/blog\/wp-content\/uploads\/2023\/02\/PHOTO-CV-XAVIER-version-2-min.jpg\" alt=\"\" class=\"wp-image-2375\" width=\"235\" height=\"239\"\/><\/figure>\n<\/div>\n\n\n<h6 class=\"wp-block-heading\"><strong>Qui \u00eates-vous ?<\/strong><\/h6>\n\n\n\n<p>Je suis Xavier, 52 ans, p\u00e8re de deux grands enfants de 29 et 26 ans. Autodidacte, j\u2019ai travaill\u00e9 pendant de nombreuses ann\u00e9es dans le secteur industriel en tant que Chef de production puis Responsable de production avec une \u00e9quipe \u00e0 manager de 120 op\u00e9rateurs. J\u2019ai pris beaucoup de plaisir \u00e0 exercer ce m\u00e9tier pendant toutes ces ann\u00e9es.<\/p>\n\n\n\n<p>En 2021, j\u2019ai \u00e9t\u00e9 confront\u00e9 \u00e0 la maladie d\u2019une personne tr\u00e8s proche, ma compagne, aujourd\u2019hui d\u00e9c\u00e9d\u00e9e. Elle travaillait comme Agent de soins dans un EHPAD \u00e0 Thouars (79), l\u00e0 o\u00f9 nous habitions. Apr\u00e8s son d\u00e9c\u00e8s, j\u2019ai connu une p\u00e9riode de remise en question de ma vie professionnelle. Avec mon employeur de l\u2019\u00e9poque, nous avons convenu d\u2019une rupture conventionnelle et j\u2019ai pu b\u00e9n\u00e9ficier d\u2019un accompagnement dans ma recherche d\u2019emploi et d\u2019un bilan de comp\u00e9tences. \u00c0 l\u2019\u00e9poque, je recherchais un nouveau poste dans l\u2019industrie mais je ne me reconnaissais plus dans ce domaine. C\u2019est ma fille qui, me voyant en manque d\u2019\u00e9panouissement, m\u2019a finalement ouvert les yeux&nbsp;: <strong>j\u2019avais envie d\u2019autre chose. Elle m\u2019a encourag\u00e9 \u00e0 envisager une autre voie, une autre carri\u00e8re, celle du m\u00e9dico-social.<\/strong><\/p>\n\n\n\n<div style=\"height:25px\" aria-hidden=\"true\" class=\"wp-block-spacer\"><\/div>\n\n\n\n<h6 class=\"wp-block-heading\"><strong>Vous avez suivi une formation ?<\/strong><\/h6>\n\n\n\n<p>J\u2019ai fait de nombreuses d\u00e9marches,<strong> je voulais en savoir plus sur les m\u00e9tiers du m\u00e9dico-social<\/strong>. J\u2019ai pris beaucoup de renseignements aupr\u00e8s des professionnels du secteur (aides-soignants de nuit, cadres RH\u2026). Je souhaitais me former mais j\u2019h\u00e9sitais entre une <strong>formation d\u2019AES ou d\u2019Aide-soignant.<\/strong><\/p>\n\n\n\n<p>En novembre 2022, j\u2019ai particip\u00e9 \u00e0 un job dating organis\u00e9 par l\u2019<strong>ADAPEI<\/strong> <strong>qui proposait de d\u00e9couvrir les m\u00e9tiers<\/strong> au sein d\u2019un \u00e9tablissement. Durant cette visite, je me suis senti tout de suite tr\u00e8s \u00e0 l\u2019aise avec les r\u00e9sidents, porteurs de trisomie et d\u00e9ficients mentaux. J\u2019ai eu envie de prolonger cette visite et d\u2019en profiter pour discuter avec les cadres de sant\u00e9. Gr\u00e2ce \u00e0 cette rencontre, on m\u2019a propos\u00e9 une immersion en tant qu\u2019AES dans un \u00e9tablissement \u00e0 Leg\u00e9 mais cette exp\u00e9rience a \u00e9t\u00e9 un peu d\u00e9ceptive pour moi car les r\u00e9sidents du foyer d\u2019h\u00e9bergement travaillant \u00e0 l\u2019ESAT partaient travailler la journ\u00e9e. Je faisais de nouveau un travail administratif alors que je n\u2019en voulais plus. J\u2019\u00e9tais donc de nouveau incertain dans mon choix de formation.<\/p>\n\n\n\n<div style=\"height:25px\" aria-hidden=\"true\" class=\"wp-block-spacer\"><\/div>\n\n\n\n<h6 class=\"wp-block-heading\"><strong>Comment avez-vous connu Ettic ?<\/strong><\/h6>\n\n\n\n<p>C\u2019est le consultant qui m\u2019accompagnait dans ma recherche d\u2019emploi qui m\u2019a, le premier, parl\u00e9 d\u2019Ettic. Il connaissait Yann Largeaud (Directeur ex\u00e9cutif d\u2019Ettic \u00e0 l\u2019\u00e9poque et ancien Educateur sp\u00e9cialis\u00e9) et m\u2019a encourag\u00e9 \u00e0 le contacter pour discuter avec lui de mon projet. <strong>Nous avons \u00e9chang\u00e9 longuement sur les sp\u00e9cificit\u00e9s des diff\u00e9rents m\u00e9tiers<\/strong>. Il m\u2019a conseill\u00e9 de prendre mon temps. <strong>Les m\u00e9tiers d\u2019AES et d\u2019Aide-soignant peuvent \u00eatre tr\u00e8s diff\u00e9rents d\u2019une structure \u00e0 une autre.<\/strong><\/p>\n\n\n\n<p>En attendant de faire mon choix et de monter mon dossier de formation,<strong> j\u2019avais besoin de travailler pour m\u2019assurer un revenu. Je me suis donc inscrit chez Ettic<\/strong>. Tout est all\u00e9 tr\u00e8s vite. Je me souviens que le 24 novembre 2022 je passais \u00e0 l\u2019agence Ettic \u00e0 Basse-Goulaine pour d\u00e9poser tous les documents n\u00e9cessaires \u00e0 la cr\u00e9ation de mon profil candidat. Le jour m\u00eame, un chef de service de l\u2019\u00e9tablissement de Montbert m\u2019appelait pour bloquer un cr\u00e9neau. <strong>D\u00e8s le lendemain, j\u2019effectuais ma premi\u00e8re mission.<\/strong><\/p>\n\n\n\n<div style=\"height:25px\" aria-hidden=\"true\" class=\"wp-block-spacer\"><\/div>\n\n\n\n<h6 class=\"wp-block-heading\"><strong>Comment s&rsquo;est pass\u00e9e votre premi\u00e8re mission ?<\/strong><\/h6>\n\n\n\n<p>Ma premi\u00e8re mission dans l\u2019\u00e9tablissement de Montbert (44) s\u2019est tr\u00e8s bien pass\u00e9e. J\u2019y ai \u00e9t\u00e9 tr\u00e8s bien accueilli. Je devais travailler de 14h \u00e0 21h30 mais on m\u2019a demand\u00e9 de venir d\u00e8s 11h afin de me faire visiter l\u2019\u00e9tablissement et me pr\u00e9senter les titulaires et les r\u00e9sidents. <strong>\u00c0 midi, je connaissais d\u00e9j\u00e0 tous les pr\u00e9noms des r\u00e9sidents.<\/strong> J\u2019ai \u00e9t\u00e9 tr\u00e8s bien accompagn\u00e9, avec une mise en autonomie tr\u00e8s rapide. <strong>On m\u2019a fait confiance tr\u00e8s rapidement.<\/strong><\/p>\n\n\n\n<div style=\"height:25px\" aria-hidden=\"true\" class=\"wp-block-spacer\"><\/div>\n\n\n\n<h6 class=\"wp-block-heading\"><strong>Aupr\u00e8s de quel(s) public(s) avez-vous travaill\u00e9 ?<\/strong><\/h6>\n\n\n\n<p>\u00c0 Montbert, les r\u00e9sidents sont principalement touch\u00e9s par un TSA (Trouble du Spectre de l\u2019Autisme). <strong>J\u2019ai pu travailler en MAS <\/strong>(Maison d\u2019Accueil Sp\u00e9cialis\u00e9e) avec un accompagnement des r\u00e9sidents pour la toilette, l\u2019orientation mais aussi une stimulation et une recherche de l\u2019autonomie. <strong>J\u2019ai \u00e9galement travaill\u00e9 en FAM<\/strong> (Foyer d\u2019Accueil M\u00e9dicalis\u00e9) o\u00f9 les r\u00e9sidents sont plus autonomes.<\/p>\n\n\n\n<p>Ce sont des structures d\u2019accueil diff\u00e9rentes avec chacune leurs sp\u00e9cificit\u00e9s. Avec un public autiste, il faut \u00eatre tr\u00e8s \u00e0 l\u2019\u00e9coute. Les r\u00e9sidents sont tr\u00e8s touchants, ils comprennent tout. <strong>La satisfaction est immense lorsque l\u2019on arrive \u00e0 instaurer une relation de confiance entre soi (soignant), le r\u00e9sident et la famille du r\u00e9sident.<\/strong> C\u2019est le cas aujourd\u2019hui, je suis m\u00eame en copie des mails de certaines familles pour des demandes pour leurs proches.<\/p>\n\n\n\n<div style=\"height:25px\" aria-hidden=\"true\" class=\"wp-block-spacer\"><\/div>\n\n\n\n<h6 class=\"wp-block-heading\"><strong>Quelle(s) qualit\u00e9(s) faut-il avoir, selon vous, pour faire ce m\u00e9tier ?<\/strong><\/h6>\n\n\n\n<p>Il faut se sentir \u00e0 l\u2019aise naturellement avec les soins, la toilette. Selon les structures et en fonction des publics accueillis, les conditions de travail peuvent \u00eatre difficiles&nbsp;: certains r\u00e9sidents peuvent \u00eatre tr\u00e8s bruyants, se taper, se mordre.<\/p>\n\n\n\n<p><strong>M\u00eame si le savoir-faire (les gestes, les pratiques) s\u2019apprend, le savoir-\u00eatre reste tr\u00e8s important.<\/strong> Il faut avant tout savoir \u00eatre calme et pos\u00e9, parler doucement, \u00eatre \u00e0 l\u2019\u00e9coute et prendre le temps. On a la chance de ne pas \u00eatre press\u00e9s, il faut \u00e9couter et sentir la demande des r\u00e9sidents qui ne peuvent pas tous verbaliser leurs besoins.<\/p>\n\n\n\n<p>Je pense qu\u2019il faut aussi \u00eatre rigoureux, organis\u00e9 et devenir autonome rapidement car on ne peut pas solliciter tout le temps les titulaires.<\/p>\n\n\n\n<p>J\u2019apprends encore tous les jours et je suis tr\u00e8s en demande pour m\u2019am\u00e9liorer, m\u00eame \u00e0 52 ans.<\/p>\n\n\n\n<div style=\"height:25px\" aria-hidden=\"true\" class=\"wp-block-spacer\"><\/div>\n\n\n\n<h6 class=\"wp-block-heading\"><strong>Quels sont les freins \u00e0 une reconversion ?<\/strong><\/h6>\n\n\n\n<p><strong>Le principal frein ce sont les autres.<\/strong> Les avis ext\u00e9rieurs&nbsp;: \u00ab&nbsp;Tu repars \u00e0 z\u00e9ro&nbsp;\u00bb, \u00ab&nbsp;Tu ne connais pas le m\u00e9tier&nbsp;\u00bb, \u00ab&nbsp;Tu vas gagner moiti\u00e9 moins \u00bb, \u00ab&nbsp;Tu vas avoir moins de vacances&nbsp;\u00bb, \u00ab&nbsp;Tu vas devoir travailler le soir, les week-ends\u00bb\u2026<\/p>\n\n\n\n<p><strong>La motivation est primordiale.<\/strong> Aujourd\u2019hui, je me sens comme \u00e0 20 ans quand on d\u00e9marre une activit\u00e9. <strong>Je m\u2019\u00e9clate et je me sens super \u00e9panoui.<\/strong><\/p>\n\n\n\n<div style=\"height:25px\" aria-hidden=\"true\" class=\"wp-block-spacer\"><\/div>\n\n\n\n<h6 class=\"wp-block-heading\"><strong>Que pensez-vous du fonctionnement avec Ettic ?<\/strong><\/h6>\n\n\n\n<p><strong>Le fonctionnement est tr\u00e8s efficace.<\/strong> C\u2019est tr\u00e8s rapide. On est suivi par un.e Charg\u00e9.e de recrutement qui nous accompagne lors de l\u2019inscription et \u00e9tudie avec nous notre projet. On est ensuite contact\u00e9s directement par les structures (chefs de service) qui sont en recherche d\u2019int\u00e9rimaires.<\/p>\n\n\n\n<p><strong>J\u2019ai appr\u00e9ci\u00e9 cette mise en relation directe<\/strong> plut\u00f4t que devoir passer par l\u2019agence \u00e0 chaque nouvelle mission.<\/p>\n\n\n\n<div style=\"height:25px\" aria-hidden=\"true\" class=\"wp-block-spacer\"><\/div>\n\n\n\n<h6 class=\"wp-block-heading\"><strong>Et aujourd&rsquo;hui ?<\/strong><\/h6>\n\n\n\n<p>Depuis mon inscription chez Ettic fin novembre, j\u2019ai effectu\u00e9 un temps complet en d\u00e9cembre, janvier, f\u00e9vrier au sein de l\u2019\u00e9tablissement de Montbert, dans plusieurs secteurs (MAS, FAM). Je m\u2019y sens bien, et je m\u2019y projette m\u00eame, j\u2019envisage peut-\u00eatre d\u2019y effectuer une VAE. Je dois continuer ma r\u00e9flexion, on y va doucement mais la motivation reste la m\u00eame. <strong>Je sais maintenant que je souhaite devenir Educateur sp\u00e9cialis\u00e9<\/strong> et donc suivre une formation d\u2019AES pour commencer car c\u2019est le c\u00f4t\u00e9 \u00e9ducatif \/ accompagnement qui m\u2019anime le plus.<\/p>\n\n\n\n<div style=\"height:25px\" aria-hidden=\"true\" class=\"wp-block-spacer\"><\/div>\n\n\n\n<h6 class=\"wp-block-heading\"><strong>Quel serait votre conseil pour une personne qui envisage une reconversion ?<\/strong><\/h6>\n\n\n\n<p><strong>Foncer. Ne pas avoir d\u2019\u00e0 priori, ne pas se mettre d\u2019interdits.<\/strong> Et surtout, prendre le temps de m\u00fbrir son projet.<\/p>\n","protected":false},"excerpt":{"rendered":"<p>Xavier, Agent de soins. Ancien Responsable de production dans l\u2019industrie pendant plus de 30 ans, Xavier est aujourd\u2019hui en pleine reconversion. Il a accept\u00e9 de&#8230;<\/p>\n","protected":false},"author":4,"featured_media":2375,"comment_status":"open","ping_status":"open","sticky":false,"template":"","format":"standard","meta":{"_acf_changed":false,"footnotes":""},"categories":[29],"tags":[],"class_list":["post-2673","post","type-post","status-publish","format-standard","has-post-thumbnail","hentry","category-articles"],"acf":[],"yoast_head":"<!-- This site is optimized with the Yoast SEO plugin v27.4 - https:\/\/yoast.com\/product\/yoast-seo-wordpress\/ -->\n<title>Paroles d&#039;int\u00e9rimaires - Ettic &amp; Vous<\/title>\n<meta name=\"robots\" content=\"index, follow, max-snippet:-1, max-image-preview:large, max-video-preview:-1\" \/>\n<link rel=\"canonical\" href=\"https:\/\/ettic.org\/blog\/2023\/04\/12\/paroles-dinterimaires\/\" \/>\n<meta property=\"og:locale\" content=\"fr_FR\" \/>\n<meta property=\"og:type\" content=\"article\" \/>\n<meta property=\"og:title\" content=\"Paroles d&#039;int\u00e9rimaires - Ettic &amp; Vous\" \/>\n<meta property=\"og:description\" content=\"Xavier, Agent de soins. Ancien Responsable de production dans l\u2019industrie pendant plus de 30 ans, Xavier est aujourd\u2019hui en pleine reconversion. Il a accept\u00e9 de...\" \/>\n<meta property=\"og:url\" content=\"https:\/\/ettic.org\/blog\/2023\/04\/12\/paroles-dinterimaires\/\" \/>\n<meta property=\"og:site_name\" content=\"Ettic &amp; Vous\" \/>\n<meta property=\"article:published_time\" content=\"2023-04-12T08:50:31+00:00\" \/>\n<meta property=\"article:modified_time\" content=\"2024-02-02T10:48:13+00:00\" \/>\n<meta property=\"og:image\" content=\"https:\/\/ettic.org\/blog\/wp-content\/uploads\/2023\/02\/PHOTO-CV-XAVIER-version-2-min.jpg\" \/>\n\t<meta property=\"og:image:width\" content=\"1\" \/>\n\t<meta property=\"og:image:height\" content=\"1\" \/>\n\t<meta property=\"og:image:type\" content=\"image\/jpeg\" \/>\n<meta name=\"author\" content=\"Aurelie Duroy\" \/>\n<meta name=\"twitter:card\" content=\"summary_large_image\" \/>\n<meta name=\"twitter:label1\" content=\"\u00c9crit par\" \/>\n\t<meta name=\"twitter:data1\" content=\"Aurelie Duroy\" \/>\n\t<meta name=\"twitter:label2\" content=\"Dur\u00e9e de lecture estim\u00e9e\" \/>\n\t<meta name=\"twitter:data2\" content=\"7 minutes\" \/>\n<script type=\"application\/ld+json\" class=\"yoast-schema-graph\">{\"@context\":\"https:\\\/\\\/schema.org\",\"@graph\":[{\"@type\":\"Article\",\"@id\":\"https:\\\/\\\/ettic.org\\\/blog\\\/2023\\\/04\\\/12\\\/paroles-dinterimaires\\\/#article\",\"isPartOf\":{\"@id\":\"https:\\\/\\\/ettic.org\\\/blog\\\/2023\\\/04\\\/12\\\/paroles-dinterimaires\\\/\"},\"author\":{\"name\":\"Aurelie Duroy\",\"@id\":\"https:\\\/\\\/ettic.org\\\/blog\\\/#\\\/schema\\\/person\\\/caa608dcff7d9713c610186a1e17316e\"},\"headline\":\"Paroles d&rsquo;int\u00e9rimaires\",\"datePublished\":\"2023-04-12T08:50:31+00:00\",\"dateModified\":\"2024-02-02T10:48:13+00:00\",\"mainEntityOfPage\":{\"@id\":\"https:\\\/\\\/ettic.org\\\/blog\\\/2023\\\/04\\\/12\\\/paroles-dinterimaires\\\/\"},\"wordCount\":1349,\"commentCount\":0,\"publisher\":{\"@id\":\"https:\\\/\\\/ettic.org\\\/blog\\\/#organization\"},\"image\":{\"@id\":\"https:\\\/\\\/ettic.org\\\/blog\\\/2023\\\/04\\\/12\\\/paroles-dinterimaires\\\/#primaryimage\"},\"thumbnailUrl\":\"https:\\\/\\\/ettic.org\\\/blog\\\/wp-content\\\/uploads\\\/2023\\\/02\\\/PHOTO-CV-XAVIER-version-2-min.jpg\",\"articleSection\":[\"Articles\"],\"inLanguage\":\"fr-FR\",\"potentialAction\":[{\"@type\":\"CommentAction\",\"name\":\"Comment\",\"target\":[\"https:\\\/\\\/ettic.org\\\/blog\\\/2023\\\/04\\\/12\\\/paroles-dinterimaires\\\/#respond\"]}]},{\"@type\":\"WebPage\",\"@id\":\"https:\\\/\\\/ettic.org\\\/blog\\\/2023\\\/04\\\/12\\\/paroles-dinterimaires\\\/\",\"url\":\"https:\\\/\\\/ettic.org\\\/blog\\\/2023\\\/04\\\/12\\\/paroles-dinterimaires\\\/\",\"name\":\"Paroles d'int\u00e9rimaires - Ettic &amp; Vous\",\"isPartOf\":{\"@id\":\"https:\\\/\\\/ettic.org\\\/blog\\\/#website\"},\"primaryImageOfPage\":{\"@id\":\"https:\\\/\\\/ettic.org\\\/blog\\\/2023\\\/04\\\/12\\\/paroles-dinterimaires\\\/#primaryimage\"},\"image\":{\"@id\":\"https:\\\/\\\/ettic.org\\\/blog\\\/2023\\\/04\\\/12\\\/paroles-dinterimaires\\\/#primaryimage\"},\"thumbnailUrl\":\"https:\\\/\\\/ettic.org\\\/blog\\\/wp-content\\\/uploads\\\/2023\\\/02\\\/PHOTO-CV-XAVIER-version-2-min.jpg\",\"datePublished\":\"2023-04-12T08:50:31+00:00\",\"dateModified\":\"2024-02-02T10:48:13+00:00\",\"breadcrumb\":{\"@id\":\"https:\\\/\\\/ettic.org\\\/blog\\\/2023\\\/04\\\/12\\\/paroles-dinterimaires\\\/#breadcrumb\"},\"inLanguage\":\"fr-FR\",\"potentialAction\":[{\"@type\":\"ReadAction\",\"target\":[\"https:\\\/\\\/ettic.org\\\/blog\\\/2023\\\/04\\\/12\\\/paroles-dinterimaires\\\/\"]}]},{\"@type\":\"ImageObject\",\"inLanguage\":\"fr-FR\",\"@id\":\"https:\\\/\\\/ettic.org\\\/blog\\\/2023\\\/04\\\/12\\\/paroles-dinterimaires\\\/#primaryimage\",\"url\":\"https:\\\/\\\/ettic.org\\\/blog\\\/wp-content\\\/uploads\\\/2023\\\/02\\\/PHOTO-CV-XAVIER-version-2-min.jpg\",\"contentUrl\":\"https:\\\/\\\/ettic.org\\\/blog\\\/wp-content\\\/uploads\\\/2023\\\/02\\\/PHOTO-CV-XAVIER-version-2-min.jpg\"},{\"@type\":\"BreadcrumbList\",\"@id\":\"https:\\\/\\\/ettic.org\\\/blog\\\/2023\\\/04\\\/12\\\/paroles-dinterimaires\\\/#breadcrumb\",\"itemListElement\":[{\"@type\":\"ListItem\",\"position\":1,\"name\":\"Accueil\",\"item\":\"https:\\\/\\\/ettic.org\\\/blog\\\/\"},{\"@type\":\"ListItem\",\"position\":2,\"name\":\"Paroles d&#8217;int\u00e9rimaires\"}]},{\"@type\":\"WebSite\",\"@id\":\"https:\\\/\\\/ettic.org\\\/blog\\\/#website\",\"url\":\"https:\\\/\\\/ettic.org\\\/blog\\\/\",\"name\":\"Ettic blog\",\"description\":\"Ettic, partageons nos actualit\u00e9s\",\"publisher\":{\"@id\":\"https:\\\/\\\/ettic.org\\\/blog\\\/#organization\"},\"potentialAction\":[{\"@type\":\"SearchAction\",\"target\":{\"@type\":\"EntryPoint\",\"urlTemplate\":\"https:\\\/\\\/ettic.org\\\/blog\\\/?s={search_term_string}\"},\"query-input\":{\"@type\":\"PropertyValueSpecification\",\"valueRequired\":true,\"valueName\":\"search_term_string\"}}],\"inLanguage\":\"fr-FR\"},{\"@type\":\"Organization\",\"@id\":\"https:\\\/\\\/ettic.org\\\/blog\\\/#organization\",\"name\":\"Ettic blog\",\"url\":\"https:\\\/\\\/ettic.org\\\/blog\\\/\",\"logo\":{\"@type\":\"ImageObject\",\"inLanguage\":\"fr-FR\",\"@id\":\"https:\\\/\\\/ettic.org\\\/blog\\\/#\\\/schema\\\/logo\\\/image\\\/\",\"url\":\"\",\"contentUrl\":\"\",\"caption\":\"Ettic blog\"},\"image\":{\"@id\":\"https:\\\/\\\/ettic.org\\\/blog\\\/#\\\/schema\\\/logo\\\/image\\\/\"}},{\"@type\":\"Person\",\"@id\":\"https:\\\/\\\/ettic.org\\\/blog\\\/#\\\/schema\\\/person\\\/caa608dcff7d9713c610186a1e17316e\",\"name\":\"Aurelie Duroy\",\"image\":{\"@type\":\"ImageObject\",\"inLanguage\":\"fr-FR\",\"@id\":\"https:\\\/\\\/secure.gravatar.com\\\/avatar\\\/cea75d831d8e4659b1fbf892b61e7e37ef14779e51fa75359498787d24054434?s=96&d=mm&r=g\",\"url\":\"https:\\\/\\\/secure.gravatar.com\\\/avatar\\\/cea75d831d8e4659b1fbf892b61e7e37ef14779e51fa75359498787d24054434?s=96&d=mm&r=g\",\"contentUrl\":\"https:\\\/\\\/secure.gravatar.com\\\/avatar\\\/cea75d831d8e4659b1fbf892b61e7e37ef14779e51fa75359498787d24054434?s=96&d=mm&r=g\",\"caption\":\"Aurelie Duroy\"},\"url\":\"https:\\\/\\\/ettic.org\\\/blog\\\/author\\\/aurelieettic\\\/\"}]}<\/script>\n<!-- \/ Yoast SEO plugin. -->","yoast_head_json":{"title":"Paroles d'int\u00e9rimaires - Ettic &amp; Vous","robots":{"index":"index","follow":"follow","max-snippet":"max-snippet:-1","max-image-preview":"max-image-preview:large","max-video-preview":"max-video-preview:-1"},"canonical":"https:\/\/ettic.org\/blog\/2023\/04\/12\/paroles-dinterimaires\/","og_locale":"fr_FR","og_type":"article","og_title":"Paroles d'int\u00e9rimaires - Ettic &amp; Vous","og_description":"Xavier, Agent de soins. Ancien Responsable de production dans l\u2019industrie pendant plus de 30 ans, Xavier est aujourd\u2019hui en pleine reconversion. Il a accept\u00e9 de...","og_url":"https:\/\/ettic.org\/blog\/2023\/04\/12\/paroles-dinterimaires\/","og_site_name":"Ettic &amp; Vous","article_published_time":"2023-04-12T08:50:31+00:00","article_modified_time":"2024-02-02T10:48:13+00:00","og_image":[{"url":"https:\/\/ettic.org\/blog\/wp-content\/uploads\/2023\/02\/PHOTO-CV-XAVIER-version-2-min.jpg","width":1,"height":1,"type":"image\/jpeg"}],"author":"Aurelie Duroy","twitter_card":"summary_large_image","twitter_misc":{"\u00c9crit par":"Aurelie Duroy","Dur\u00e9e de lecture estim\u00e9e":"7 minutes"},"schema":{"@context":"https:\/\/schema.org","@graph":[{"@type":"Article","@id":"https:\/\/ettic.org\/blog\/2023\/04\/12\/paroles-dinterimaires\/#article","isPartOf":{"@id":"https:\/\/ettic.org\/blog\/2023\/04\/12\/paroles-dinterimaires\/"},"author":{"name":"Aurelie Duroy","@id":"https:\/\/ettic.org\/blog\/#\/schema\/person\/caa608dcff7d9713c610186a1e17316e"},"headline":"Paroles d&rsquo;int\u00e9rimaires","datePublished":"2023-04-12T08:50:31+00:00","dateModified":"2024-02-02T10:48:13+00:00","mainEntityOfPage":{"@id":"https:\/\/ettic.org\/blog\/2023\/04\/12\/paroles-dinterimaires\/"},"wordCount":1349,"commentCount":0,"publisher":{"@id":"https:\/\/ettic.org\/blog\/#organization"},"image":{"@id":"https:\/\/ettic.org\/blog\/2023\/04\/12\/paroles-dinterimaires\/#primaryimage"},"thumbnailUrl":"https:\/\/ettic.org\/blog\/wp-content\/uploads\/2023\/02\/PHOTO-CV-XAVIER-version-2-min.jpg","articleSection":["Articles"],"inLanguage":"fr-FR","potentialAction":[{"@type":"CommentAction","name":"Comment","target":["https:\/\/ettic.org\/blog\/2023\/04\/12\/paroles-dinterimaires\/#respond"]}]},{"@type":"WebPage","@id":"https:\/\/ettic.org\/blog\/2023\/04\/12\/paroles-dinterimaires\/","url":"https:\/\/ettic.org\/blog\/2023\/04\/12\/paroles-dinterimaires\/","name":"Paroles d'int\u00e9rimaires - Ettic &amp; Vous","isPartOf":{"@id":"https:\/\/ettic.org\/blog\/#website"},"primaryImageOfPage":{"@id":"https:\/\/ettic.org\/blog\/2023\/04\/12\/paroles-dinterimaires\/#primaryimage"},"image":{"@id":"https:\/\/ettic.org\/blog\/2023\/04\/12\/paroles-dinterimaires\/#primaryimage"},"thumbnailUrl":"https:\/\/ettic.org\/blog\/wp-content\/uploads\/2023\/02\/PHOTO-CV-XAVIER-version-2-min.jpg","datePublished":"2023-04-12T08:50:31+00:00","dateModified":"2024-02-02T10:48:13+00:00","breadcrumb":{"@id":"https:\/\/ettic.org\/blog\/2023\/04\/12\/paroles-dinterimaires\/#breadcrumb"},"inLanguage":"fr-FR","potentialAction":[{"@type":"ReadAction","target":["https:\/\/ettic.org\/blog\/2023\/04\/12\/paroles-dinterimaires\/"]}]},{"@type":"ImageObject","inLanguage":"fr-FR","@id":"https:\/\/ettic.org\/blog\/2023\/04\/12\/paroles-dinterimaires\/#primaryimage","url":"https:\/\/ettic.org\/blog\/wp-content\/uploads\/2023\/02\/PHOTO-CV-XAVIER-version-2-min.jpg","contentUrl":"https:\/\/ettic.org\/blog\/wp-content\/uploads\/2023\/02\/PHOTO-CV-XAVIER-version-2-min.jpg"},{"@type":"BreadcrumbList","@id":"https:\/\/ettic.org\/blog\/2023\/04\/12\/paroles-dinterimaires\/#breadcrumb","itemListElement":[{"@type":"ListItem","position":1,"name":"Accueil","item":"https:\/\/ettic.org\/blog\/"},{"@type":"ListItem","position":2,"name":"Paroles d&#8217;int\u00e9rimaires"}]},{"@type":"WebSite","@id":"https:\/\/ettic.org\/blog\/#website","url":"https:\/\/ettic.org\/blog\/","name":"Ettic blog","description":"Ettic, partageons nos actualit\u00e9s","publisher":{"@id":"https:\/\/ettic.org\/blog\/#organization"},"potentialAction":[{"@type":"SearchAction","target":{"@type":"EntryPoint","urlTemplate":"https:\/\/ettic.org\/blog\/?s={search_term_string}"},"query-input":{"@type":"PropertyValueSpecification","valueRequired":true,"valueName":"search_term_string"}}],"inLanguage":"fr-FR"},{"@type":"Organization","@id":"https:\/\/ettic.org\/blog\/#organization","name":"Ettic blog","url":"https:\/\/ettic.org\/blog\/","logo":{"@type":"ImageObject","inLanguage":"fr-FR","@id":"https:\/\/ettic.org\/blog\/#\/schema\/logo\/image\/","url":"","contentUrl":"","caption":"Ettic blog"},"image":{"@id":"https:\/\/ettic.org\/blog\/#\/schema\/logo\/image\/"}},{"@type":"Person","@id":"https:\/\/ettic.org\/blog\/#\/schema\/person\/caa608dcff7d9713c610186a1e17316e","name":"Aurelie Duroy","image":{"@type":"ImageObject","inLanguage":"fr-FR","@id":"https:\/\/secure.gravatar.com\/avatar\/cea75d831d8e4659b1fbf892b61e7e37ef14779e51fa75359498787d24054434?s=96&d=mm&r=g","url":"https:\/\/secure.gravatar.com\/avatar\/cea75d831d8e4659b1fbf892b61e7e37ef14779e51fa75359498787d24054434?s=96&d=mm&r=g","contentUrl":"https:\/\/secure.gravatar.com\/avatar\/cea75d831d8e4659b1fbf892b61e7e37ef14779e51fa75359498787d24054434?s=96&d=mm&r=g","caption":"Aurelie Duroy"},"url":"https:\/\/ettic.org\/blog\/author\/aurelieettic\/"}]}},"_links":{"self":[{"href":"https:\/\/ettic.org\/blog\/wp-json\/wp\/v2\/posts\/2673","targetHints":{"allow":["GET"]}}],"collection":[{"href":"https:\/\/ettic.org\/blog\/wp-json\/wp\/v2\/posts"}],"about":[{"href":"https:\/\/ettic.org\/blog\/wp-json\/wp\/v2\/types\/post"}],"author":[{"embeddable":true,"href":"https:\/\/ettic.org\/blog\/wp-json\/wp\/v2\/users\/4"}],"replies":[{"embeddable":true,"href":"https:\/\/ettic.org\/blog\/wp-json\/wp\/v2\/comments?post=2673"}],"version-history":[{"count":15,"href":"https:\/\/ettic.org\/blog\/wp-json\/wp\/v2\/posts\/2673\/revisions"}],"predecessor-version":[{"id":3147,"href":"https:\/\/ettic.org\/blog\/wp-json\/wp\/v2\/posts\/2673\/revisions\/3147"}],"wp:featuredmedia":[{"embeddable":true,"href":"https:\/\/ettic.org\/blog\/wp-json\/wp\/v2\/media\/2375"}],"wp:attachment":[{"href":"https:\/\/ettic.org\/blog\/wp-json\/wp\/v2\/media?parent=2673"}],"wp:term":[{"taxonomy":"category","embeddable":true,"href":"https:\/\/ettic.org\/blog\/wp-json\/wp\/v2\/categories?post=2673"},{"taxonomy":"post_tag","embeddable":true,"href":"https:\/\/ettic.org\/blog\/wp-json\/wp\/v2\/tags?post=2673"}],"curies":[{"name":"wp","href":"https:\/\/api.w.org\/{rel}","templated":true}]}}