{"id":3167,"date":"2023-06-22T16:42:13","date_gmt":"2023-06-22T14:42:13","guid":{"rendered":"https:\/\/ettic.org\/blog\/?p=3167"},"modified":"2023-06-27T14:25:17","modified_gmt":"2023-06-27T12:25:17","slug":"les-antennes-ettic-pays-de-la-loire","status":"publish","type":"post","link":"https:\/\/ettic.org\/blog\/2023\/06\/22\/les-antennes-ettic-pays-de-la-loire\/","title":{"rendered":"Les antennes ETTIC Pays-de-la-Loire"},"content":{"rendered":"\n<h3 class=\"wp-block-heading\">Une \u00e9quipe de proximit\u00e9 \u00e0 votre \u00e9coute !<\/h3>\n\n\n\n<div style=\"height:25px\" aria-hidden=\"true\" class=\"wp-block-spacer\"><\/div>\n\n\n\n<p>ETTIC est compos\u00e9e d&rsquo;une \u00e9quipe de professionnels issus du secteur sanitaire et social, de l&rsquo;int\u00e9rim et\/ou des ressources humaines qui \u0153uvrent au quotidien pour mettre en relation les \u00e9tablissements et les candidats.<\/p>\n\n\n\n<p>Tout au long de votre parcours professionnel, ETTIC vous accompagne. Sur rendez-vous, par mail ou par t\u00e9l\u00e9phone, vous avez toujours un interlocuteur disponible.<\/p>\n\n\n\n<div style=\"height:25px\" aria-hidden=\"true\" class=\"wp-block-spacer\"><\/div>\n\n\n\n<h3 class=\"wp-block-heading\">Votre agence \u00e0 Nantes (44) &#8211; Si\u00e8ge<\/h3>\n\n\n\n<p><strong>Adresse : <\/strong><\/p>\n\n\n\n<p>31 rue de l&rsquo;Atlantique<\/p>\n\n\n\n<p>44115 Basse-Goulaine<\/p>\n\n\n\n<p><strong>T\u00e9l\u00e9phone : 02 49 62 29 09<\/strong><\/p>\n\n\n\n<div style=\"height:25px\" aria-hidden=\"true\" class=\"wp-block-spacer\"><\/div>\n\n\n\n<hr class=\"wp-block-separator has-alpha-channel-opacity\"\/>\n\n\n\n<div style=\"height:25px\" aria-hidden=\"true\" class=\"wp-block-spacer\"><\/div>\n\n\n\n<div class=\"wp-block-columns is-layout-flex wp-container-core-columns-is-layout-9d6595d7 wp-block-columns-is-layout-flex\">\n<div class=\"wp-block-column is-layout-flow wp-block-column-is-layout-flow\">\n<h3 class=\"wp-block-heading\">Votre agence \u00e0 Saint-Nazaire (44)<\/h3>\n\n\n\n<p><strong>Adresse : <\/strong><\/p>\n\n\n\n<p>Le Duplex <\/p>\n\n\n\n<p>43 rue des Halles<\/p>\n\n\n\n<p>44600 Saint-Nazaire<\/p>\n\n\n\n<p><strong>T\u00e9l\u00e9phone : 06 99 24 85 05<\/strong><\/p>\n<\/div>\n\n\n\n<div class=\"wp-block-column is-layout-flow wp-block-column-is-layout-flow\">\n<h3 class=\"wp-block-heading\">Votre agence \u00e0 Angers (49)<\/h3>\n\n\n\n<p><strong>Adresse : <\/strong><\/p>\n\n\n\n<p>Espace Patton<\/p>\n\n\n\n<p>355 avenue du G\u00e9n\u00e9ral Patton<\/p>\n\n\n\n<p>49000 Angers<\/p>\n\n\n\n<p><strong>T\u00e9l\u00e9phone : 02 49 62 59 92<\/strong><\/p>\n<\/div>\n<\/div>\n\n\n\n<div class=\"wp-block-columns is-layout-flex wp-container-core-columns-is-layout-9d6595d7 wp-block-columns-is-layout-flex\">\n<div class=\"wp-block-column is-layout-flow wp-block-column-is-layout-flow\">\n<h3 class=\"wp-block-heading\">Votre agence \u00e0 Laval (53)<\/h3>\n\n\n\n<p><strong>Adresse : <\/strong><\/p>\n\n\n\n<p>Laval Economie Emploi<\/p>\n\n\n\n<p>23 place du G\u00e9n\u00e9ral Ferri\u00e9<\/p>\n\n\n\n<p>53000 Laval<\/p>\n\n\n\n<p><strong>T\u00e9l\u00e9phone : 07 62 87 72 44<\/strong><\/p>\n<\/div>\n\n\n\n<div class=\"wp-block-column is-layout-flow wp-block-column-is-layout-flow\">\n<h3 class=\"wp-block-heading\">Votre agence au Mans (72)<\/h3>\n\n\n\n<p><strong>Adresse : <\/strong><\/p>\n\n\n\n<p>La Tribu Co_Working<\/p>\n\n\n\n<p>10 rue du Docteur Leroy<\/p>\n\n\n\n<p>72000 Le Mans<\/p>\n\n\n\n<p><strong>T\u00e9l\u00e9phone : 02 49 62 36 93<\/strong><\/p>\n<\/div>\n<\/div>\n\n\n\n<div class=\"wp-block-columns is-layout-flex wp-container-core-columns-is-layout-9d6595d7 wp-block-columns-is-layout-flex\">\n<div class=\"wp-block-column is-layout-flow wp-block-column-is-layout-flow\">\n<h3 class=\"wp-block-heading\">Votre agence \u00e0 La Roche-sur-Yon (85)<\/h3>\n\n\n\n<p><strong>Adresse : <\/strong><\/p>\n\n\n\n<p>Zone Acti&rsquo;Sud<\/p>\n\n\n\n<p>8 rue Ren\u00e9 Coty<\/p>\n\n\n\n<p>85000 La Roche-sur-Yon<\/p>\n\n\n\n<p><strong>T\u00e9l\u00e9phone : <\/strong>06 60 78 02 45<\/p>\n<\/div>\n\n\n\n<div class=\"wp-block-column is-layout-flow wp-block-column-is-layout-flow\">\n<h3 class=\"wp-block-heading\">Votre agence \u00e0 Blois (41)<\/h3>\n\n\n\n<p><strong>T\u00e9l\u00e9phone : <\/strong>06 64 81 48 88<\/p>\n<\/div>\n<\/div>\n\n\n\n<p><\/p>\n","protected":false},"excerpt":{"rendered":"<p>Une \u00e9quipe de proximit\u00e9 \u00e0 votre \u00e9coute ! ETTIC est compos\u00e9e d&rsquo;une \u00e9quipe de professionnels issus du secteur sanitaire et social, de l&rsquo;int\u00e9rim et\/ou des&#8230;<\/p>\n","protected":false},"author":4,"featured_media":3613,"comment_status":"open","ping_status":"open","sticky":false,"template":"","format":"standard","meta":{"_acf_changed":false,"footnotes":""},"categories":[29],"tags":[],"class_list":["post-3167","post","type-post","status-publish","format-standard","has-post-thumbnail","hentry","category-articles"],"acf":[],"yoast_head":"<!-- This site is optimized with the Yoast SEO plugin v27.4 - https:\/\/yoast.com\/product\/yoast-seo-wordpress\/ -->\n<title>Les antennes ETTIC Pays-de-la-Loire - Ettic &amp; Vous<\/title>\n<meta name=\"robots\" content=\"index, follow, max-snippet:-1, max-image-preview:large, max-video-preview:-1\" \/>\n<link rel=\"canonical\" href=\"https:\/\/ettic.org\/blog\/2023\/06\/22\/les-antennes-ettic-pays-de-la-loire\/\" \/>\n<meta property=\"og:locale\" content=\"fr_FR\" \/>\n<meta property=\"og:type\" content=\"article\" \/>\n<meta property=\"og:title\" content=\"Les antennes ETTIC Pays-de-la-Loire - Ettic &amp; Vous\" \/>\n<meta property=\"og:description\" content=\"Une \u00e9quipe de proximit\u00e9 \u00e0 votre \u00e9coute ! ETTIC est compos\u00e9e d&rsquo;une \u00e9quipe de professionnels issus du secteur sanitaire et social, de l&rsquo;int\u00e9rim et\/ou des...\" \/>\n<meta property=\"og:url\" content=\"https:\/\/ettic.org\/blog\/2023\/06\/22\/les-antennes-ettic-pays-de-la-loire\/\" \/>\n<meta property=\"og:site_name\" content=\"Ettic &amp; Vous\" \/>\n<meta property=\"article:published_time\" content=\"2023-06-22T14:42:13+00:00\" \/>\n<meta property=\"article:modified_time\" content=\"2023-06-27T12:25:17+00:00\" \/>\n<meta property=\"og:image\" content=\"https:\/\/ettic.org\/blog\/wp-content\/uploads\/2023\/06\/ETTIC-antennes.png\" \/>\n\t<meta property=\"og:image:width\" content=\"1080\" \/>\n\t<meta property=\"og:image:height\" content=\"800\" \/>\n\t<meta property=\"og:image:type\" content=\"image\/png\" \/>\n<meta name=\"author\" content=\"Aurelie Duroy\" \/>\n<meta name=\"twitter:card\" content=\"summary_large_image\" \/>\n<meta name=\"twitter:label1\" content=\"\u00c9crit par\" \/>\n\t<meta name=\"twitter:data1\" content=\"Aurelie Duroy\" \/>\n\t<meta name=\"twitter:label2\" content=\"Dur\u00e9e de lecture estim\u00e9e\" \/>\n\t<meta name=\"twitter:data2\" content=\"2 minutes\" \/>\n<script type=\"application\/ld+json\" class=\"yoast-schema-graph\">{\"@context\":\"https:\\\/\\\/schema.org\",\"@graph\":[{\"@type\":\"Article\",\"@id\":\"https:\\\/\\\/ettic.org\\\/blog\\\/2023\\\/06\\\/22\\\/les-antennes-ettic-pays-de-la-loire\\\/#article\",\"isPartOf\":{\"@id\":\"https:\\\/\\\/ettic.org\\\/blog\\\/2023\\\/06\\\/22\\\/les-antennes-ettic-pays-de-la-loire\\\/\"},\"author\":{\"name\":\"Aurelie Duroy\",\"@id\":\"https:\\\/\\\/ettic.org\\\/blog\\\/#\\\/schema\\\/person\\\/caa608dcff7d9713c610186a1e17316e\"},\"headline\":\"Les antennes ETTIC Pays-de-la-Loire\",\"datePublished\":\"2023-06-22T14:42:13+00:00\",\"dateModified\":\"2023-06-27T12:25:17+00:00\",\"mainEntityOfPage\":{\"@id\":\"https:\\\/\\\/ettic.org\\\/blog\\\/2023\\\/06\\\/22\\\/les-antennes-ettic-pays-de-la-loire\\\/\"},\"wordCount\":173,\"commentCount\":0,\"publisher\":{\"@id\":\"https:\\\/\\\/ettic.org\\\/blog\\\/#organization\"},\"image\":{\"@id\":\"https:\\\/\\\/ettic.org\\\/blog\\\/2023\\\/06\\\/22\\\/les-antennes-ettic-pays-de-la-loire\\\/#primaryimage\"},\"thumbnailUrl\":\"https:\\\/\\\/ettic.org\\\/blog\\\/wp-content\\\/uploads\\\/2023\\\/06\\\/ETTIC-antennes.png\",\"articleSection\":[\"Articles\"],\"inLanguage\":\"fr-FR\",\"potentialAction\":[{\"@type\":\"CommentAction\",\"name\":\"Comment\",\"target\":[\"https:\\\/\\\/ettic.org\\\/blog\\\/2023\\\/06\\\/22\\\/les-antennes-ettic-pays-de-la-loire\\\/#respond\"]}]},{\"@type\":\"WebPage\",\"@id\":\"https:\\\/\\\/ettic.org\\\/blog\\\/2023\\\/06\\\/22\\\/les-antennes-ettic-pays-de-la-loire\\\/\",\"url\":\"https:\\\/\\\/ettic.org\\\/blog\\\/2023\\\/06\\\/22\\\/les-antennes-ettic-pays-de-la-loire\\\/\",\"name\":\"Les antennes ETTIC Pays-de-la-Loire - Ettic &amp; Vous\",\"isPartOf\":{\"@id\":\"https:\\\/\\\/ettic.org\\\/blog\\\/#website\"},\"primaryImageOfPage\":{\"@id\":\"https:\\\/\\\/ettic.org\\\/blog\\\/2023\\\/06\\\/22\\\/les-antennes-ettic-pays-de-la-loire\\\/#primaryimage\"},\"image\":{\"@id\":\"https:\\\/\\\/ettic.org\\\/blog\\\/2023\\\/06\\\/22\\\/les-antennes-ettic-pays-de-la-loire\\\/#primaryimage\"},\"thumbnailUrl\":\"https:\\\/\\\/ettic.org\\\/blog\\\/wp-content\\\/uploads\\\/2023\\\/06\\\/ETTIC-antennes.png\",\"datePublished\":\"2023-06-22T14:42:13+00:00\",\"dateModified\":\"2023-06-27T12:25:17+00:00\",\"breadcrumb\":{\"@id\":\"https:\\\/\\\/ettic.org\\\/blog\\\/2023\\\/06\\\/22\\\/les-antennes-ettic-pays-de-la-loire\\\/#breadcrumb\"},\"inLanguage\":\"fr-FR\",\"potentialAction\":[{\"@type\":\"ReadAction\",\"target\":[\"https:\\\/\\\/ettic.org\\\/blog\\\/2023\\\/06\\\/22\\\/les-antennes-ettic-pays-de-la-loire\\\/\"]}]},{\"@type\":\"ImageObject\",\"inLanguage\":\"fr-FR\",\"@id\":\"https:\\\/\\\/ettic.org\\\/blog\\\/2023\\\/06\\\/22\\\/les-antennes-ettic-pays-de-la-loire\\\/#primaryimage\",\"url\":\"https:\\\/\\\/ettic.org\\\/blog\\\/wp-content\\\/uploads\\\/2023\\\/06\\\/ETTIC-antennes.png\",\"contentUrl\":\"https:\\\/\\\/ettic.org\\\/blog\\\/wp-content\\\/uploads\\\/2023\\\/06\\\/ETTIC-antennes.png\",\"width\":1080,\"height\":800},{\"@type\":\"BreadcrumbList\",\"@id\":\"https:\\\/\\\/ettic.org\\\/blog\\\/2023\\\/06\\\/22\\\/les-antennes-ettic-pays-de-la-loire\\\/#breadcrumb\",\"itemListElement\":[{\"@type\":\"ListItem\",\"position\":1,\"name\":\"Accueil\",\"item\":\"https:\\\/\\\/ettic.org\\\/blog\\\/\"},{\"@type\":\"ListItem\",\"position\":2,\"name\":\"Les antennes ETTIC Pays-de-la-Loire\"}]},{\"@type\":\"WebSite\",\"@id\":\"https:\\\/\\\/ettic.org\\\/blog\\\/#website\",\"url\":\"https:\\\/\\\/ettic.org\\\/blog\\\/\",\"name\":\"Ettic blog\",\"description\":\"Ettic, partageons nos actualit\u00e9s\",\"publisher\":{\"@id\":\"https:\\\/\\\/ettic.org\\\/blog\\\/#organization\"},\"potentialAction\":[{\"@type\":\"SearchAction\",\"target\":{\"@type\":\"EntryPoint\",\"urlTemplate\":\"https:\\\/\\\/ettic.org\\\/blog\\\/?s={search_term_string}\"},\"query-input\":{\"@type\":\"PropertyValueSpecification\",\"valueRequired\":true,\"valueName\":\"search_term_string\"}}],\"inLanguage\":\"fr-FR\"},{\"@type\":\"Organization\",\"@id\":\"https:\\\/\\\/ettic.org\\\/blog\\\/#organization\",\"name\":\"Ettic blog\",\"url\":\"https:\\\/\\\/ettic.org\\\/blog\\\/\",\"logo\":{\"@type\":\"ImageObject\",\"inLanguage\":\"fr-FR\",\"@id\":\"https:\\\/\\\/ettic.org\\\/blog\\\/#\\\/schema\\\/logo\\\/image\\\/\",\"url\":\"\",\"contentUrl\":\"\",\"caption\":\"Ettic blog\"},\"image\":{\"@id\":\"https:\\\/\\\/ettic.org\\\/blog\\\/#\\\/schema\\\/logo\\\/image\\\/\"}},{\"@type\":\"Person\",\"@id\":\"https:\\\/\\\/ettic.org\\\/blog\\\/#\\\/schema\\\/person\\\/caa608dcff7d9713c610186a1e17316e\",\"name\":\"Aurelie Duroy\",\"image\":{\"@type\":\"ImageObject\",\"inLanguage\":\"fr-FR\",\"@id\":\"https:\\\/\\\/secure.gravatar.com\\\/avatar\\\/cea75d831d8e4659b1fbf892b61e7e37ef14779e51fa75359498787d24054434?s=96&d=mm&r=g\",\"url\":\"https:\\\/\\\/secure.gravatar.com\\\/avatar\\\/cea75d831d8e4659b1fbf892b61e7e37ef14779e51fa75359498787d24054434?s=96&d=mm&r=g\",\"contentUrl\":\"https:\\\/\\\/secure.gravatar.com\\\/avatar\\\/cea75d831d8e4659b1fbf892b61e7e37ef14779e51fa75359498787d24054434?s=96&d=mm&r=g\",\"caption\":\"Aurelie Duroy\"},\"url\":\"https:\\\/\\\/ettic.org\\\/blog\\\/author\\\/aurelieettic\\\/\"}]}<\/script>\n<!-- \/ Yoast SEO plugin. -->","yoast_head_json":{"title":"Les antennes ETTIC Pays-de-la-Loire - Ettic &amp; Vous","robots":{"index":"index","follow":"follow","max-snippet":"max-snippet:-1","max-image-preview":"max-image-preview:large","max-video-preview":"max-video-preview:-1"},"canonical":"https:\/\/ettic.org\/blog\/2023\/06\/22\/les-antennes-ettic-pays-de-la-loire\/","og_locale":"fr_FR","og_type":"article","og_title":"Les antennes ETTIC Pays-de-la-Loire - Ettic &amp; Vous","og_description":"Une \u00e9quipe de proximit\u00e9 \u00e0 votre \u00e9coute ! ETTIC est compos\u00e9e d&rsquo;une \u00e9quipe de professionnels issus du secteur sanitaire et social, de l&rsquo;int\u00e9rim et\/ou des...","og_url":"https:\/\/ettic.org\/blog\/2023\/06\/22\/les-antennes-ettic-pays-de-la-loire\/","og_site_name":"Ettic &amp; Vous","article_published_time":"2023-06-22T14:42:13+00:00","article_modified_time":"2023-06-27T12:25:17+00:00","og_image":[{"width":1080,"height":800,"url":"https:\/\/ettic.org\/blog\/wp-content\/uploads\/2023\/06\/ETTIC-antennes.png","type":"image\/png"}],"author":"Aurelie Duroy","twitter_card":"summary_large_image","twitter_misc":{"\u00c9crit par":"Aurelie Duroy","Dur\u00e9e de lecture estim\u00e9e":"2 minutes"},"schema":{"@context":"https:\/\/schema.org","@graph":[{"@type":"Article","@id":"https:\/\/ettic.org\/blog\/2023\/06\/22\/les-antennes-ettic-pays-de-la-loire\/#article","isPartOf":{"@id":"https:\/\/ettic.org\/blog\/2023\/06\/22\/les-antennes-ettic-pays-de-la-loire\/"},"author":{"name":"Aurelie Duroy","@id":"https:\/\/ettic.org\/blog\/#\/schema\/person\/caa608dcff7d9713c610186a1e17316e"},"headline":"Les antennes ETTIC Pays-de-la-Loire","datePublished":"2023-06-22T14:42:13+00:00","dateModified":"2023-06-27T12:25:17+00:00","mainEntityOfPage":{"@id":"https:\/\/ettic.org\/blog\/2023\/06\/22\/les-antennes-ettic-pays-de-la-loire\/"},"wordCount":173,"commentCount":0,"publisher":{"@id":"https:\/\/ettic.org\/blog\/#organization"},"image":{"@id":"https:\/\/ettic.org\/blog\/2023\/06\/22\/les-antennes-ettic-pays-de-la-loire\/#primaryimage"},"thumbnailUrl":"https:\/\/ettic.org\/blog\/wp-content\/uploads\/2023\/06\/ETTIC-antennes.png","articleSection":["Articles"],"inLanguage":"fr-FR","potentialAction":[{"@type":"CommentAction","name":"Comment","target":["https:\/\/ettic.org\/blog\/2023\/06\/22\/les-antennes-ettic-pays-de-la-loire\/#respond"]}]},{"@type":"WebPage","@id":"https:\/\/ettic.org\/blog\/2023\/06\/22\/les-antennes-ettic-pays-de-la-loire\/","url":"https:\/\/ettic.org\/blog\/2023\/06\/22\/les-antennes-ettic-pays-de-la-loire\/","name":"Les antennes ETTIC Pays-de-la-Loire - Ettic &amp; Vous","isPartOf":{"@id":"https:\/\/ettic.org\/blog\/#website"},"primaryImageOfPage":{"@id":"https:\/\/ettic.org\/blog\/2023\/06\/22\/les-antennes-ettic-pays-de-la-loire\/#primaryimage"},"image":{"@id":"https:\/\/ettic.org\/blog\/2023\/06\/22\/les-antennes-ettic-pays-de-la-loire\/#primaryimage"},"thumbnailUrl":"https:\/\/ettic.org\/blog\/wp-content\/uploads\/2023\/06\/ETTIC-antennes.png","datePublished":"2023-06-22T14:42:13+00:00","dateModified":"2023-06-27T12:25:17+00:00","breadcrumb":{"@id":"https:\/\/ettic.org\/blog\/2023\/06\/22\/les-antennes-ettic-pays-de-la-loire\/#breadcrumb"},"inLanguage":"fr-FR","potentialAction":[{"@type":"ReadAction","target":["https:\/\/ettic.org\/blog\/2023\/06\/22\/les-antennes-ettic-pays-de-la-loire\/"]}]},{"@type":"ImageObject","inLanguage":"fr-FR","@id":"https:\/\/ettic.org\/blog\/2023\/06\/22\/les-antennes-ettic-pays-de-la-loire\/#primaryimage","url":"https:\/\/ettic.org\/blog\/wp-content\/uploads\/2023\/06\/ETTIC-antennes.png","contentUrl":"https:\/\/ettic.org\/blog\/wp-content\/uploads\/2023\/06\/ETTIC-antennes.png","width":1080,"height":800},{"@type":"BreadcrumbList","@id":"https:\/\/ettic.org\/blog\/2023\/06\/22\/les-antennes-ettic-pays-de-la-loire\/#breadcrumb","itemListElement":[{"@type":"ListItem","position":1,"name":"Accueil","item":"https:\/\/ettic.org\/blog\/"},{"@type":"ListItem","position":2,"name":"Les antennes ETTIC Pays-de-la-Loire"}]},{"@type":"WebSite","@id":"https:\/\/ettic.org\/blog\/#website","url":"https:\/\/ettic.org\/blog\/","name":"Ettic blog","description":"Ettic, partageons nos actualit\u00e9s","publisher":{"@id":"https:\/\/ettic.org\/blog\/#organization"},"potentialAction":[{"@type":"SearchAction","target":{"@type":"EntryPoint","urlTemplate":"https:\/\/ettic.org\/blog\/?s={search_term_string}"},"query-input":{"@type":"PropertyValueSpecification","valueRequired":true,"valueName":"search_term_string"}}],"inLanguage":"fr-FR"},{"@type":"Organization","@id":"https:\/\/ettic.org\/blog\/#organization","name":"Ettic blog","url":"https:\/\/ettic.org\/blog\/","logo":{"@type":"ImageObject","inLanguage":"fr-FR","@id":"https:\/\/ettic.org\/blog\/#\/schema\/logo\/image\/","url":"","contentUrl":"","caption":"Ettic blog"},"image":{"@id":"https:\/\/ettic.org\/blog\/#\/schema\/logo\/image\/"}},{"@type":"Person","@id":"https:\/\/ettic.org\/blog\/#\/schema\/person\/caa608dcff7d9713c610186a1e17316e","name":"Aurelie Duroy","image":{"@type":"ImageObject","inLanguage":"fr-FR","@id":"https:\/\/secure.gravatar.com\/avatar\/cea75d831d8e4659b1fbf892b61e7e37ef14779e51fa75359498787d24054434?s=96&d=mm&r=g","url":"https:\/\/secure.gravatar.com\/avatar\/cea75d831d8e4659b1fbf892b61e7e37ef14779e51fa75359498787d24054434?s=96&d=mm&r=g","contentUrl":"https:\/\/secure.gravatar.com\/avatar\/cea75d831d8e4659b1fbf892b61e7e37ef14779e51fa75359498787d24054434?s=96&d=mm&r=g","caption":"Aurelie Duroy"},"url":"https:\/\/ettic.org\/blog\/author\/aurelieettic\/"}]}},"_links":{"self":[{"href":"https:\/\/ettic.org\/blog\/wp-json\/wp\/v2\/posts\/3167","targetHints":{"allow":["GET"]}}],"collection":[{"href":"https:\/\/ettic.org\/blog\/wp-json\/wp\/v2\/posts"}],"about":[{"href":"https:\/\/ettic.org\/blog\/wp-json\/wp\/v2\/types\/post"}],"author":[{"embeddable":true,"href":"https:\/\/ettic.org\/blog\/wp-json\/wp\/v2\/users\/4"}],"replies":[{"embeddable":true,"href":"https:\/\/ettic.org\/blog\/wp-json\/wp\/v2\/comments?post=3167"}],"version-history":[{"count":10,"href":"https:\/\/ettic.org\/blog\/wp-json\/wp\/v2\/posts\/3167\/revisions"}],"predecessor-version":[{"id":3196,"href":"https:\/\/ettic.org\/blog\/wp-json\/wp\/v2\/posts\/3167\/revisions\/3196"}],"wp:featuredmedia":[{"embeddable":true,"href":"https:\/\/ettic.org\/blog\/wp-json\/wp\/v2\/media\/3613"}],"wp:attachment":[{"href":"https:\/\/ettic.org\/blog\/wp-json\/wp\/v2\/media?parent=3167"}],"wp:term":[{"taxonomy":"category","embeddable":true,"href":"https:\/\/ettic.org\/blog\/wp-json\/wp\/v2\/categories?post=3167"},{"taxonomy":"post_tag","embeddable":true,"href":"https:\/\/ettic.org\/blog\/wp-json\/wp\/v2\/tags?post=3167"}],"curies":[{"name":"wp","href":"https:\/\/api.w.org\/{rel}","templated":true}]}}