{"id":3728,"date":"2023-09-21T15:53:35","date_gmt":"2023-09-21T13:53:35","guid":{"rendered":"https:\/\/ettic.org\/blog\/?p=3728"},"modified":"2023-12-13T09:45:31","modified_gmt":"2023-12-13T08:45:31","slug":"paroles-dinterimaires-2","status":"publish","type":"post","link":"https:\/\/ettic.org\/blog\/2023\/09\/21\/paroles-dinterimaires-2\/","title":{"rendered":"Paroles d&rsquo;int\u00e9rimaires"},"content":{"rendered":"\n<div style=\"height:50px\" aria-hidden=\"true\" class=\"wp-block-spacer\"><\/div>\n\n\n\n<h1 class=\"wp-block-heading\">St\u00e9phanie, AES (Accompagnante \u00c9ducative et Sociale).<\/h1>\n\n\n\n<div style=\"height:25px\" aria-hidden=\"true\" class=\"wp-block-spacer\"><\/div>\n\n\n\n<h6 class=\"wp-block-heading\">Ancienne salari\u00e9e dans le secteur du tourisme, St\u00e9phanie est aujourd\u2019hui AES. Elle a accept\u00e9 de nous raconter son parcours et sa reconversion professionnelle \u00e0 48 ans.<\/h6>\n\n\n\n<div style=\"height:25px\" aria-hidden=\"true\" class=\"wp-block-spacer\"><\/div>\n\n\n\n<div style=\"height:25px\" aria-hidden=\"true\" class=\"wp-block-spacer\"><\/div>\n\n\n\n<p><\/p>\n\n\n\n<div style=\"height:25px\" aria-hidden=\"true\" class=\"wp-block-spacer\"><\/div>\n\n\n\n<h6 class=\"wp-block-heading\"><strong>Quel est votre parcours ?<\/strong><\/h6>\n\n\n\n<p>J\u2019ai travaill\u00e9 auparavant 26 ans dans le tourisme en tant que conseiller en voyages et accompagnatrice de s\u00e9jours \u00e0 l\u2019\u00e9tranger. La p\u00e9riode COVID a s\u00e9rieusement impact\u00e9 le secteur du tourisme. L\u2019entreprise dans laquelle je travaillais n\u2019a pas eu le choix que de se s\u00e9parer de plusieurs salari\u00e9s dont je faisais partie (fermeture de l\u2019agence de voyages en 2021). <\/p>\n\n\n\n<p>J\u2019en ai profit\u00e9 pour faire un bilan de comp\u00e9tences. Celui-ci\u00a0 m\u2019a aid\u00e9 \u00e0 identifier mes motivations \u00a0et imaginer d\u2019autres pistes d\u2019\u00e9volution, notamment dans \u00ab\u00a0les m\u00e9tiers de l\u2019humain\u00a0\u00bb. Tr\u00e8s vite j\u2019ai voulu v\u00e9rifier ces pistes en r\u00e9alisant, gr\u00e2ce au P\u00f4le Emploi, plusieurs PMSMP (P\u00e9riode de Mise en Situation en Milieu Professionnel) au sein de diff\u00e9rentes structures : ESAT, SAESAT, SAVS, Domicile service et Foyer d&rsquo;h\u00e9bergement.<\/p>\n\n\n\n<p>En juin 2021, \u00e0 l\u2019issue de mon stage au sein d&rsquo;un Foyer de Vie, la cheffe de service m\u2019a propos\u00e9 de faire des remplacements. Je me suis donc inscrite chez Ettic. <\/p>\n\n\n\n<p>En avril 2022, j\u2019ai d\u00e9marr\u00e9 une formation d&rsquo;AES dans le cadre d\u2019un contrat de professionnalisation. <\/p>\n\n\n\n<p>J&rsquo;ai obtenu mon dipl\u00f4me en juillet 2023.<\/p>\n\n\n\n<div style=\"height:25px\" aria-hidden=\"true\" class=\"wp-block-spacer\"><\/div>\n\n\n\n<h6 class=\"wp-block-heading\"><strong>Comment avez-vous connu Ettic ?<\/strong><\/h6>\n\n\n\n<p>J&rsquo;ai connu Ettic gr\u00e2ce au Foyer de Vie de l&rsquo;ADAPEI \u00e0 Vertou. Int\u00e9rimaire depuis environ 1 an chez Ettic, on m\u2019a propos\u00e9 de financer une partie de ma formation d&rsquo;AES. <\/p>\n\n\n\n<p>Gr\u00e2ce \u00e0 Ettic, j\u2019ai pu suivre cette formation avec le CEFRAS sur une dur\u00e9e de 15 mois (j\u2019\u00e9tais la premi\u00e8re personne \u00e0 qui Ettic finan\u00e7ait une formation) . <\/p>\n\n\n\n<p>Ce f\u00fbt une exp\u00e9rience tr\u00e8s satisfaisante. Mes divers interlocuteurs ont toujours \u00e9t\u00e9 \u00e0 l\u2019\u00e9coute, notamment M. Legrand qui m&rsquo;a tr\u00e8s bien accueillie lors de l\u2019\u00e9laboration du contrat de formation.<\/p>\n\n\n\n<div style=\"height:25px\" aria-hidden=\"true\" class=\"wp-block-spacer\"><\/div>\n\n\n\n<h6 class=\"wp-block-heading\"><strong>Que pensez-vous du fonctionnement avec Ettic ?<\/strong><\/h6>\n\n\n\n<p>Je me suis toujours sentie bien accompagn\u00e9e. L\u2019\u00e9quipe est tr\u00e8s r\u00e9active, disponible et \u00e0 l&rsquo;\u00e9coute.<\/p>\n\n\n\n<p>La plateforme ettic.org est plut\u00f4t simple d\u2019utilisation ainsi que l&rsquo;outil Armado m\u00eame si, personnellement, j\u2019y acc\u00e9dais seulement pour visualiser mes bulletins de salaire et valider mes contrats.<\/p>\n\n\n\n<div style=\"height:25px\" aria-hidden=\"true\" class=\"wp-block-spacer\"><\/div>\n\n\n\n<h6 class=\"wp-block-heading\"><strong>Et aujourd&rsquo;hui ?<\/strong><\/h6>\n\n\n\n<p>Depuis juillet 2023, je suis Accompagnante \u00c9ducative et Sociale au Foyer ADAPEI SEVRIA \u00e0 Vertou.<\/p>\n\n\n\n<p>C&rsquo;est un \u00e9tablissement qui accueille des adultes en situation de handicap, d\u00e9ficients intellectuels avec des troubles psychiques et ou physiques associ\u00e9s.<\/p>\n\n\n\n<p>Les conditions de travail y sont satisfaisantes dans l\u2019ensemble et j\u2019appr\u00e9cie de travailler avec des int\u00e9rimaires dipl\u00f4m\u00e9s et&nbsp;\/ou avec de l\u2019exp\u00e9rience dans le secteur du m\u00e9dico-social.&nbsp;&nbsp;<\/p>\n\n\n\n<div style=\"height:25px\" aria-hidden=\"true\" class=\"wp-block-spacer\"><\/div>\n\n\n\n<h6 class=\"wp-block-heading\"><strong>Quelle(s) qualit\u00e9(s) faut-il avoir, selon vous, pour faire ce m\u00e9tier ?<\/strong><\/h6>\n\n\n\n<p>J\u2019ai choisi ce m\u00e9tier pour valoriser mes qualit\u00e9s humaines et relationnelles au sein d\u2019un secteur respectueux de mes valeurs.<\/p>\n\n\n\n<p>Pour exercer ce m\u00e9tier il faut \u00eatre dot\u00e9 de nombreuses qualit\u00e9s\u00a0: empathie, bienveillance, \u00e9coute et patience. <\/p>\n\n\n\n<p>Les comp\u00e9tences requises selon moi : le sens du travail en \u00e9quipe, un bon relationnel, le sens de l\u2019organisation, savoir observer et analyser les besoins de la personne accompagn\u00e9e.<\/p>\n\n\n\n<div style=\"height:25px\" aria-hidden=\"true\" class=\"wp-block-spacer\"><\/div>\n\n\n\n<h6 class=\"wp-block-heading\"><strong>Quel serait votre conseil pour une personne qui envisage une reconversion ?<\/strong><\/h6>\n\n\n\n<p>Selon moi, il n\u2019y a pas de bonne reconversion sans formation. Dans le secteur du m\u00e9dico-social il est essentiel de se former pour acqu\u00e9rir de nombreuses connaissances et comp\u00e9tences afin d\u2019 exercer au mieux son m\u00e9tier.&nbsp;<\/p>\n","protected":false},"excerpt":{"rendered":"<p>St\u00e9phanie, AES (Accompagnante \u00c9ducative et Sociale). Ancienne salari\u00e9e dans le secteur du tourisme, St\u00e9phanie est aujourd\u2019hui AES. Elle a accept\u00e9 de nous raconter son parcours&#8230;<\/p>\n","protected":false},"author":4,"featured_media":4388,"comment_status":"open","ping_status":"open","sticky":false,"template":"","format":"standard","meta":{"_acf_changed":false,"footnotes":""},"categories":[29],"tags":[],"class_list":["post-3728","post","type-post","status-publish","format-standard","has-post-thumbnail","hentry","category-articles"],"acf":[],"yoast_head":"<!-- This site is optimized with the Yoast SEO plugin v27.4 - https:\/\/yoast.com\/product\/yoast-seo-wordpress\/ -->\n<title>Paroles d&#039;int\u00e9rimaires - Ettic &amp; Vous<\/title>\n<meta name=\"robots\" content=\"index, follow, max-snippet:-1, max-image-preview:large, max-video-preview:-1\" \/>\n<link rel=\"canonical\" href=\"https:\/\/ettic.org\/blog\/2023\/09\/21\/paroles-dinterimaires-2\/\" \/>\n<meta property=\"og:locale\" content=\"fr_FR\" \/>\n<meta property=\"og:type\" content=\"article\" \/>\n<meta property=\"og:title\" content=\"Paroles d&#039;int\u00e9rimaires - Ettic &amp; Vous\" \/>\n<meta property=\"og:description\" content=\"St\u00e9phanie, AES (Accompagnante \u00c9ducative et Sociale). Ancienne salari\u00e9e dans le secteur du tourisme, St\u00e9phanie est aujourd\u2019hui AES. Elle a accept\u00e9 de nous raconter son parcours...\" \/>\n<meta property=\"og:url\" content=\"https:\/\/ettic.org\/blog\/2023\/09\/21\/paroles-dinterimaires-2\/\" \/>\n<meta property=\"og:site_name\" content=\"Ettic &amp; Vous\" \/>\n<meta property=\"article:published_time\" content=\"2023-09-21T13:53:35+00:00\" \/>\n<meta property=\"article:modified_time\" content=\"2023-12-13T08:45:31+00:00\" \/>\n<meta property=\"og:image\" content=\"https:\/\/ettic.org\/blog\/wp-content\/uploads\/2023\/09\/1625345428544.jpg\" \/>\n\t<meta property=\"og:image:width\" content=\"592\" \/>\n\t<meta property=\"og:image:height\" content=\"592\" \/>\n\t<meta property=\"og:image:type\" content=\"image\/jpeg\" \/>\n<meta name=\"author\" content=\"Aurelie Duroy\" \/>\n<meta name=\"twitter:card\" content=\"summary_large_image\" \/>\n<meta name=\"twitter:label1\" content=\"\u00c9crit par\" \/>\n\t<meta name=\"twitter:data1\" content=\"Aurelie Duroy\" \/>\n\t<meta name=\"twitter:label2\" content=\"Dur\u00e9e de lecture estim\u00e9e\" \/>\n\t<meta name=\"twitter:data2\" content=\"3 minutes\" \/>\n<script type=\"application\/ld+json\" class=\"yoast-schema-graph\">{\"@context\":\"https:\\\/\\\/schema.org\",\"@graph\":[{\"@type\":\"Article\",\"@id\":\"https:\\\/\\\/ettic.org\\\/blog\\\/2023\\\/09\\\/21\\\/paroles-dinterimaires-2\\\/#article\",\"isPartOf\":{\"@id\":\"https:\\\/\\\/ettic.org\\\/blog\\\/2023\\\/09\\\/21\\\/paroles-dinterimaires-2\\\/\"},\"author\":{\"name\":\"Aurelie Duroy\",\"@id\":\"https:\\\/\\\/ettic.org\\\/blog\\\/#\\\/schema\\\/person\\\/caa608dcff7d9713c610186a1e17316e\"},\"headline\":\"Paroles d&rsquo;int\u00e9rimaires\",\"datePublished\":\"2023-09-21T13:53:35+00:00\",\"dateModified\":\"2023-12-13T08:45:31+00:00\",\"mainEntityOfPage\":{\"@id\":\"https:\\\/\\\/ettic.org\\\/blog\\\/2023\\\/09\\\/21\\\/paroles-dinterimaires-2\\\/\"},\"wordCount\":623,\"commentCount\":0,\"publisher\":{\"@id\":\"https:\\\/\\\/ettic.org\\\/blog\\\/#organization\"},\"image\":{\"@id\":\"https:\\\/\\\/ettic.org\\\/blog\\\/2023\\\/09\\\/21\\\/paroles-dinterimaires-2\\\/#primaryimage\"},\"thumbnailUrl\":\"https:\\\/\\\/ettic.org\\\/blog\\\/wp-content\\\/uploads\\\/2023\\\/09\\\/1625345428544.jpg\",\"articleSection\":[\"Articles\"],\"inLanguage\":\"fr-FR\",\"potentialAction\":[{\"@type\":\"CommentAction\",\"name\":\"Comment\",\"target\":[\"https:\\\/\\\/ettic.org\\\/blog\\\/2023\\\/09\\\/21\\\/paroles-dinterimaires-2\\\/#respond\"]}]},{\"@type\":\"WebPage\",\"@id\":\"https:\\\/\\\/ettic.org\\\/blog\\\/2023\\\/09\\\/21\\\/paroles-dinterimaires-2\\\/\",\"url\":\"https:\\\/\\\/ettic.org\\\/blog\\\/2023\\\/09\\\/21\\\/paroles-dinterimaires-2\\\/\",\"name\":\"Paroles d'int\u00e9rimaires - Ettic &amp; Vous\",\"isPartOf\":{\"@id\":\"https:\\\/\\\/ettic.org\\\/blog\\\/#website\"},\"primaryImageOfPage\":{\"@id\":\"https:\\\/\\\/ettic.org\\\/blog\\\/2023\\\/09\\\/21\\\/paroles-dinterimaires-2\\\/#primaryimage\"},\"image\":{\"@id\":\"https:\\\/\\\/ettic.org\\\/blog\\\/2023\\\/09\\\/21\\\/paroles-dinterimaires-2\\\/#primaryimage\"},\"thumbnailUrl\":\"https:\\\/\\\/ettic.org\\\/blog\\\/wp-content\\\/uploads\\\/2023\\\/09\\\/1625345428544.jpg\",\"datePublished\":\"2023-09-21T13:53:35+00:00\",\"dateModified\":\"2023-12-13T08:45:31+00:00\",\"breadcrumb\":{\"@id\":\"https:\\\/\\\/ettic.org\\\/blog\\\/2023\\\/09\\\/21\\\/paroles-dinterimaires-2\\\/#breadcrumb\"},\"inLanguage\":\"fr-FR\",\"potentialAction\":[{\"@type\":\"ReadAction\",\"target\":[\"https:\\\/\\\/ettic.org\\\/blog\\\/2023\\\/09\\\/21\\\/paroles-dinterimaires-2\\\/\"]}]},{\"@type\":\"ImageObject\",\"inLanguage\":\"fr-FR\",\"@id\":\"https:\\\/\\\/ettic.org\\\/blog\\\/2023\\\/09\\\/21\\\/paroles-dinterimaires-2\\\/#primaryimage\",\"url\":\"https:\\\/\\\/ettic.org\\\/blog\\\/wp-content\\\/uploads\\\/2023\\\/09\\\/1625345428544.jpg\",\"contentUrl\":\"https:\\\/\\\/ettic.org\\\/blog\\\/wp-content\\\/uploads\\\/2023\\\/09\\\/1625345428544.jpg\",\"width\":592,\"height\":592},{\"@type\":\"BreadcrumbList\",\"@id\":\"https:\\\/\\\/ettic.org\\\/blog\\\/2023\\\/09\\\/21\\\/paroles-dinterimaires-2\\\/#breadcrumb\",\"itemListElement\":[{\"@type\":\"ListItem\",\"position\":1,\"name\":\"Accueil\",\"item\":\"https:\\\/\\\/ettic.org\\\/blog\\\/\"},{\"@type\":\"ListItem\",\"position\":2,\"name\":\"Paroles d&#8217;int\u00e9rimaires\"}]},{\"@type\":\"WebSite\",\"@id\":\"https:\\\/\\\/ettic.org\\\/blog\\\/#website\",\"url\":\"https:\\\/\\\/ettic.org\\\/blog\\\/\",\"name\":\"Ettic blog\",\"description\":\"Ettic, partageons nos actualit\u00e9s\",\"publisher\":{\"@id\":\"https:\\\/\\\/ettic.org\\\/blog\\\/#organization\"},\"potentialAction\":[{\"@type\":\"SearchAction\",\"target\":{\"@type\":\"EntryPoint\",\"urlTemplate\":\"https:\\\/\\\/ettic.org\\\/blog\\\/?s={search_term_string}\"},\"query-input\":{\"@type\":\"PropertyValueSpecification\",\"valueRequired\":true,\"valueName\":\"search_term_string\"}}],\"inLanguage\":\"fr-FR\"},{\"@type\":\"Organization\",\"@id\":\"https:\\\/\\\/ettic.org\\\/blog\\\/#organization\",\"name\":\"Ettic blog\",\"url\":\"https:\\\/\\\/ettic.org\\\/blog\\\/\",\"logo\":{\"@type\":\"ImageObject\",\"inLanguage\":\"fr-FR\",\"@id\":\"https:\\\/\\\/ettic.org\\\/blog\\\/#\\\/schema\\\/logo\\\/image\\\/\",\"url\":\"\",\"contentUrl\":\"\",\"caption\":\"Ettic blog\"},\"image\":{\"@id\":\"https:\\\/\\\/ettic.org\\\/blog\\\/#\\\/schema\\\/logo\\\/image\\\/\"}},{\"@type\":\"Person\",\"@id\":\"https:\\\/\\\/ettic.org\\\/blog\\\/#\\\/schema\\\/person\\\/caa608dcff7d9713c610186a1e17316e\",\"name\":\"Aurelie Duroy\",\"image\":{\"@type\":\"ImageObject\",\"inLanguage\":\"fr-FR\",\"@id\":\"https:\\\/\\\/secure.gravatar.com\\\/avatar\\\/cea75d831d8e4659b1fbf892b61e7e37ef14779e51fa75359498787d24054434?s=96&d=mm&r=g\",\"url\":\"https:\\\/\\\/secure.gravatar.com\\\/avatar\\\/cea75d831d8e4659b1fbf892b61e7e37ef14779e51fa75359498787d24054434?s=96&d=mm&r=g\",\"contentUrl\":\"https:\\\/\\\/secure.gravatar.com\\\/avatar\\\/cea75d831d8e4659b1fbf892b61e7e37ef14779e51fa75359498787d24054434?s=96&d=mm&r=g\",\"caption\":\"Aurelie Duroy\"},\"url\":\"https:\\\/\\\/ettic.org\\\/blog\\\/author\\\/aurelieettic\\\/\"}]}<\/script>\n<!-- \/ Yoast SEO plugin. -->","yoast_head_json":{"title":"Paroles d'int\u00e9rimaires - Ettic &amp; Vous","robots":{"index":"index","follow":"follow","max-snippet":"max-snippet:-1","max-image-preview":"max-image-preview:large","max-video-preview":"max-video-preview:-1"},"canonical":"https:\/\/ettic.org\/blog\/2023\/09\/21\/paroles-dinterimaires-2\/","og_locale":"fr_FR","og_type":"article","og_title":"Paroles d'int\u00e9rimaires - Ettic &amp; Vous","og_description":"St\u00e9phanie, AES (Accompagnante \u00c9ducative et Sociale). Ancienne salari\u00e9e dans le secteur du tourisme, St\u00e9phanie est aujourd\u2019hui AES. Elle a accept\u00e9 de nous raconter son parcours...","og_url":"https:\/\/ettic.org\/blog\/2023\/09\/21\/paroles-dinterimaires-2\/","og_site_name":"Ettic &amp; Vous","article_published_time":"2023-09-21T13:53:35+00:00","article_modified_time":"2023-12-13T08:45:31+00:00","og_image":[{"width":592,"height":592,"url":"https:\/\/ettic.org\/blog\/wp-content\/uploads\/2023\/09\/1625345428544.jpg","type":"image\/jpeg"}],"author":"Aurelie Duroy","twitter_card":"summary_large_image","twitter_misc":{"\u00c9crit par":"Aurelie Duroy","Dur\u00e9e de lecture estim\u00e9e":"3 minutes"},"schema":{"@context":"https:\/\/schema.org","@graph":[{"@type":"Article","@id":"https:\/\/ettic.org\/blog\/2023\/09\/21\/paroles-dinterimaires-2\/#article","isPartOf":{"@id":"https:\/\/ettic.org\/blog\/2023\/09\/21\/paroles-dinterimaires-2\/"},"author":{"name":"Aurelie Duroy","@id":"https:\/\/ettic.org\/blog\/#\/schema\/person\/caa608dcff7d9713c610186a1e17316e"},"headline":"Paroles d&rsquo;int\u00e9rimaires","datePublished":"2023-09-21T13:53:35+00:00","dateModified":"2023-12-13T08:45:31+00:00","mainEntityOfPage":{"@id":"https:\/\/ettic.org\/blog\/2023\/09\/21\/paroles-dinterimaires-2\/"},"wordCount":623,"commentCount":0,"publisher":{"@id":"https:\/\/ettic.org\/blog\/#organization"},"image":{"@id":"https:\/\/ettic.org\/blog\/2023\/09\/21\/paroles-dinterimaires-2\/#primaryimage"},"thumbnailUrl":"https:\/\/ettic.org\/blog\/wp-content\/uploads\/2023\/09\/1625345428544.jpg","articleSection":["Articles"],"inLanguage":"fr-FR","potentialAction":[{"@type":"CommentAction","name":"Comment","target":["https:\/\/ettic.org\/blog\/2023\/09\/21\/paroles-dinterimaires-2\/#respond"]}]},{"@type":"WebPage","@id":"https:\/\/ettic.org\/blog\/2023\/09\/21\/paroles-dinterimaires-2\/","url":"https:\/\/ettic.org\/blog\/2023\/09\/21\/paroles-dinterimaires-2\/","name":"Paroles d'int\u00e9rimaires - Ettic &amp; Vous","isPartOf":{"@id":"https:\/\/ettic.org\/blog\/#website"},"primaryImageOfPage":{"@id":"https:\/\/ettic.org\/blog\/2023\/09\/21\/paroles-dinterimaires-2\/#primaryimage"},"image":{"@id":"https:\/\/ettic.org\/blog\/2023\/09\/21\/paroles-dinterimaires-2\/#primaryimage"},"thumbnailUrl":"https:\/\/ettic.org\/blog\/wp-content\/uploads\/2023\/09\/1625345428544.jpg","datePublished":"2023-09-21T13:53:35+00:00","dateModified":"2023-12-13T08:45:31+00:00","breadcrumb":{"@id":"https:\/\/ettic.org\/blog\/2023\/09\/21\/paroles-dinterimaires-2\/#breadcrumb"},"inLanguage":"fr-FR","potentialAction":[{"@type":"ReadAction","target":["https:\/\/ettic.org\/blog\/2023\/09\/21\/paroles-dinterimaires-2\/"]}]},{"@type":"ImageObject","inLanguage":"fr-FR","@id":"https:\/\/ettic.org\/blog\/2023\/09\/21\/paroles-dinterimaires-2\/#primaryimage","url":"https:\/\/ettic.org\/blog\/wp-content\/uploads\/2023\/09\/1625345428544.jpg","contentUrl":"https:\/\/ettic.org\/blog\/wp-content\/uploads\/2023\/09\/1625345428544.jpg","width":592,"height":592},{"@type":"BreadcrumbList","@id":"https:\/\/ettic.org\/blog\/2023\/09\/21\/paroles-dinterimaires-2\/#breadcrumb","itemListElement":[{"@type":"ListItem","position":1,"name":"Accueil","item":"https:\/\/ettic.org\/blog\/"},{"@type":"ListItem","position":2,"name":"Paroles d&#8217;int\u00e9rimaires"}]},{"@type":"WebSite","@id":"https:\/\/ettic.org\/blog\/#website","url":"https:\/\/ettic.org\/blog\/","name":"Ettic blog","description":"Ettic, partageons nos actualit\u00e9s","publisher":{"@id":"https:\/\/ettic.org\/blog\/#organization"},"potentialAction":[{"@type":"SearchAction","target":{"@type":"EntryPoint","urlTemplate":"https:\/\/ettic.org\/blog\/?s={search_term_string}"},"query-input":{"@type":"PropertyValueSpecification","valueRequired":true,"valueName":"search_term_string"}}],"inLanguage":"fr-FR"},{"@type":"Organization","@id":"https:\/\/ettic.org\/blog\/#organization","name":"Ettic blog","url":"https:\/\/ettic.org\/blog\/","logo":{"@type":"ImageObject","inLanguage":"fr-FR","@id":"https:\/\/ettic.org\/blog\/#\/schema\/logo\/image\/","url":"","contentUrl":"","caption":"Ettic blog"},"image":{"@id":"https:\/\/ettic.org\/blog\/#\/schema\/logo\/image\/"}},{"@type":"Person","@id":"https:\/\/ettic.org\/blog\/#\/schema\/person\/caa608dcff7d9713c610186a1e17316e","name":"Aurelie Duroy","image":{"@type":"ImageObject","inLanguage":"fr-FR","@id":"https:\/\/secure.gravatar.com\/avatar\/cea75d831d8e4659b1fbf892b61e7e37ef14779e51fa75359498787d24054434?s=96&d=mm&r=g","url":"https:\/\/secure.gravatar.com\/avatar\/cea75d831d8e4659b1fbf892b61e7e37ef14779e51fa75359498787d24054434?s=96&d=mm&r=g","contentUrl":"https:\/\/secure.gravatar.com\/avatar\/cea75d831d8e4659b1fbf892b61e7e37ef14779e51fa75359498787d24054434?s=96&d=mm&r=g","caption":"Aurelie Duroy"},"url":"https:\/\/ettic.org\/blog\/author\/aurelieettic\/"}]}},"_links":{"self":[{"href":"https:\/\/ettic.org\/blog\/wp-json\/wp\/v2\/posts\/3728","targetHints":{"allow":["GET"]}}],"collection":[{"href":"https:\/\/ettic.org\/blog\/wp-json\/wp\/v2\/posts"}],"about":[{"href":"https:\/\/ettic.org\/blog\/wp-json\/wp\/v2\/types\/post"}],"author":[{"embeddable":true,"href":"https:\/\/ettic.org\/blog\/wp-json\/wp\/v2\/users\/4"}],"replies":[{"embeddable":true,"href":"https:\/\/ettic.org\/blog\/wp-json\/wp\/v2\/comments?post=3728"}],"version-history":[{"count":7,"href":"https:\/\/ettic.org\/blog\/wp-json\/wp\/v2\/posts\/3728\/revisions"}],"predecessor-version":[{"id":3736,"href":"https:\/\/ettic.org\/blog\/wp-json\/wp\/v2\/posts\/3728\/revisions\/3736"}],"wp:featuredmedia":[{"embeddable":true,"href":"https:\/\/ettic.org\/blog\/wp-json\/wp\/v2\/media\/4388"}],"wp:attachment":[{"href":"https:\/\/ettic.org\/blog\/wp-json\/wp\/v2\/media?parent=3728"}],"wp:term":[{"taxonomy":"category","embeddable":true,"href":"https:\/\/ettic.org\/blog\/wp-json\/wp\/v2\/categories?post=3728"},{"taxonomy":"post_tag","embeddable":true,"href":"https:\/\/ettic.org\/blog\/wp-json\/wp\/v2\/tags?post=3728"}],"curies":[{"name":"wp","href":"https:\/\/api.w.org\/{rel}","templated":true}]}}