{"id":4899,"date":"2024-03-22T10:51:14","date_gmt":"2024-03-22T09:51:14","guid":{"rendered":"https:\/\/ettic.org\/blog\/?p=4899"},"modified":"2025-09-15T13:49:18","modified_gmt":"2025-09-15T11:49:18","slug":"place-a-lemploi","status":"publish","type":"post","link":"https:\/\/ettic.org\/blog\/2024\/03\/22\/place-a-lemploi\/","title":{"rendered":"Place \u00e0 l&#8217;emploi"},"content":{"rendered":"\t\t<div data-elementor-type=\"wp-post\" data-elementor-id=\"4899\" class=\"elementor elementor-4899\" data-elementor-post-type=\"post\">\n\t\t\t\t\t\t<section class=\"elementor-section elementor-top-section elementor-element elementor-element-4e3cc05c elementor-section-boxed elementor-section-height-default elementor-section-height-default\" data-id=\"4e3cc05c\" data-element_type=\"section\" data-e-type=\"section\">\n\t\t\t\t\t\t<div class=\"elementor-container elementor-column-gap-default\">\n\t\t\t\t\t<div class=\"elementor-column elementor-col-100 elementor-top-column elementor-element elementor-element-48645fcf\" data-id=\"48645fcf\" data-element_type=\"column\" data-e-type=\"column\">\n\t\t\t<div class=\"elementor-widget-wrap elementor-element-populated\">\n\t\t\t\t\t\t<div class=\"elementor-element elementor-element-2e631e26 elementor-widget elementor-widget-text-editor\" data-id=\"2e631e26\" data-element_type=\"widget\" data-e-type=\"widget\" data-widget_type=\"text-editor.default\">\n\t\t\t\t<div class=\"elementor-widget-container\">\n\t\t\t\t\t\t\t\t\t<p><\/p>\n<h2 class=\"wp-block-heading\"><b>ETTIC \u00cele-de-France au salon Place \u00e0 l&#8217;emploi \u00e0 Coupvray.<\/b><\/h2>\n<div>&nbsp;<\/div>\n<p><\/p>\n<p><\/p>\n<figure class=\"wp-block-image size-large is-resized\"><img decoding=\"async\" class=\"wp-image-4906\" style=\"width: 409px; height: auto;\" src=\"https:\/\/ettic.org\/blog\/wp-content\/themes\/veen\/assets\/images\/transparent.gif\" data-lazy=\"true\" data-src=\"https:\/\/ettic.org\/blog\/wp-content\/uploads\/2024\/03\/1709204176676-1024x1024.jpg\" alt=\"\"><\/figure>\n<figure class=\"wp-block-image size-large is-resized\"><\/figure>\n<figure class=\"wp-block-image size-large is-resized\"><\/figure>\n<p><\/p>\n<p><\/p>\n<p><b>Jeudi 21 mars<\/b>, Marine Tramblay et Nathalie Chassagne de <b>l&rsquo;agence Val d&rsquo;Europe<\/b> \u00e9taient pr\u00e9sentes sur leur stand du salon <b>Place \u00e0 l&#8217;emploi<\/b> dans la ville de Coupvray.<\/p>\n<p><\/p>\n<p><\/p>\n<p><\/p>\n<p><a href=\"https:\/\/www.linkedin.com\/company\/ettic-ile-de-france\/\"><u>E<\/u><u>TTIC \u00cele-de-France<\/u><\/a> a eu le plaisir d&rsquo;\u00eatre aux c\u00f4t\u00e9s de ses <b>associations coop\u00e9ratrices<\/b> : l&rsquo;<a href=\"https:\/\/www.aede.fr\/\"><u>AEDE<\/u><\/a> et l&rsquo;<a href=\"https:\/\/www.adapei77.org\/\"><u>ADAPEI 77<\/u><\/a> pour vous accueillir. Un bon moment de partage montrant ainsi l&rsquo;importance de la <b>proximit\u00e9<\/b> des associations coop\u00e9ratrices avec Ettic.<\/p>\n<p><\/p>\n<p><\/p>\n<p><\/p>\n<p>Un bel \u00e9v\u00e9nement riche d&rsquo;exp\u00e9rience rempli <b>d&rsquo;opportunit\u00e9s<\/b> pour les futurs professionnels !<\/p>\n<p><\/p>\n<p><\/p>\n<p><\/p>\n<p>Voici un <b>retour sur images<\/b> de cette belle journ\u00e9e :<\/p>\n<p><\/p>\t\t\t\t\t\t\t\t<\/div>\n\t\t\t\t<\/div>\n\t\t\t\t<section class=\"elementor-section elementor-inner-section elementor-element elementor-element-6c6a0b9 elementor-section-boxed elementor-section-height-default elementor-section-height-default\" data-id=\"6c6a0b9\" data-element_type=\"section\" data-e-type=\"section\">\n\t\t\t\t\t\t<div class=\"elementor-container elementor-column-gap-default\">\n\t\t\t\t\t<div class=\"elementor-column elementor-col-50 elementor-inner-column elementor-element elementor-element-8bb37a0\" data-id=\"8bb37a0\" data-element_type=\"column\" data-e-type=\"column\">\n\t\t\t<div class=\"elementor-widget-wrap elementor-element-populated\">\n\t\t\t\t\t\t<div class=\"elementor-element elementor-element-af50ede elementor-widget elementor-widget-image\" data-id=\"af50ede\" data-element_type=\"widget\" data-e-type=\"widget\" data-widget_type=\"image.default\">\n\t\t\t\t<div class=\"elementor-widget-container\">\n\t\t\t\t\t\t\t\t\t\t\t\t\t\t\t<img loading=\"lazy\" decoding=\"async\" width=\"668\" height=\"501\" src=\"https:\/\/ettic.org\/blog\/wp-content\/themes\/veen\/assets\/images\/transparent.gif\" data-lazy=\"true\" data-src=\"https:\/\/ettic.org\/blog\/wp-content\/uploads\/2024\/03\/1711012994084.jpg\" class=\"attachment-large size-large wp-image-4901\" alt=\"\" data-srcset=\"https:\/\/ettic.org\/blog\/wp-content\/uploads\/2024\/03\/1711012994084.jpg 828w, https:\/\/ettic.org\/blog\/wp-content\/uploads\/2024\/03\/1711012994084-300x225.jpg 300w, https:\/\/ettic.org\/blog\/wp-content\/uploads\/2024\/03\/1711012994084-768x576.jpg 768w, https:\/\/ettic.org\/blog\/wp-content\/uploads\/2024\/03\/1711012994084-100x75.jpg 100w, https:\/\/ettic.org\/blog\/wp-content\/uploads\/2024\/03\/1711012994084-600x450.jpg 600w\" data-sizes=\"auto, (max-width: 668px) 100vw, 668px\" \/>\t\t\t\t\t\t\t\t\t\t\t\t\t\t\t<\/div>\n\t\t\t\t<\/div>\n\t\t\t\t\t<\/div>\n\t\t<\/div>\n\t\t\t\t<div class=\"elementor-column elementor-col-50 elementor-inner-column elementor-element elementor-element-ef0230e\" data-id=\"ef0230e\" data-element_type=\"column\" data-e-type=\"column\">\n\t\t\t<div class=\"elementor-widget-wrap elementor-element-populated\">\n\t\t\t\t\t\t<div class=\"elementor-element elementor-element-7f32625 elementor-widget elementor-widget-image\" data-id=\"7f32625\" data-element_type=\"widget\" data-e-type=\"widget\" data-widget_type=\"image.default\">\n\t\t\t\t<div class=\"elementor-widget-container\">\n\t\t\t\t\t\t\t\t\t\t\t\t\t\t\t<img loading=\"lazy\" decoding=\"async\" width=\"668\" height=\"501\" src=\"https:\/\/ettic.org\/blog\/wp-content\/themes\/veen\/assets\/images\/transparent.gif\" data-lazy=\"true\" data-src=\"https:\/\/ettic.org\/blog\/wp-content\/uploads\/2024\/03\/1711012995119.jpg\" class=\"attachment-large size-large wp-image-4902\" alt=\"\" data-srcset=\"https:\/\/ettic.org\/blog\/wp-content\/uploads\/2024\/03\/1711012995119.jpg 828w, https:\/\/ettic.org\/blog\/wp-content\/uploads\/2024\/03\/1711012995119-300x225.jpg 300w, https:\/\/ettic.org\/blog\/wp-content\/uploads\/2024\/03\/1711012995119-768x576.jpg 768w, https:\/\/ettic.org\/blog\/wp-content\/uploads\/2024\/03\/1711012995119-100x75.jpg 100w, https:\/\/ettic.org\/blog\/wp-content\/uploads\/2024\/03\/1711012995119-600x450.jpg 600w\" data-sizes=\"auto, (max-width: 668px) 100vw, 668px\" \/>\t\t\t\t\t\t\t\t\t\t\t\t\t\t\t<\/div>\n\t\t\t\t<\/div>\n\t\t\t\t\t<\/div>\n\t\t<\/div>\n\t\t\t\t\t<\/div>\n\t\t<\/section>\n\t\t\t\t<div class=\"elementor-element elementor-element-8f54baa elementor-widget elementor-widget-image\" data-id=\"8f54baa\" data-element_type=\"widget\" data-e-type=\"widget\" data-widget_type=\"image.default\">\n\t\t\t\t<div class=\"elementor-widget-container\">\n\t\t\t\t\t\t\t\t\t\t\t\t\t\t\t<img decoding=\"async\" width=\"668\" height=\"891\" src=\"https:\/\/ettic.org\/blog\/wp-content\/themes\/veen\/assets\/images\/transparent.gif\" data-lazy=\"true\" data-src=\"https:\/\/ettic.org\/blog\/wp-content\/uploads\/2024\/03\/1711012994417-768x1024.jpg\" class=\"attachment-large size-large wp-image-4903\" alt=\"\" loading=\"lazy\" data-srcset=\"https:\/\/ettic.org\/blog\/wp-content\/uploads\/2024\/03\/1711012994417-768x1024.jpg 768w, https:\/\/ettic.org\/blog\/wp-content\/uploads\/2024\/03\/1711012994417-225x300.jpg 225w, https:\/\/ettic.org\/blog\/wp-content\/uploads\/2024\/03\/1711012994417-75x100.jpg 75w, https:\/\/ettic.org\/blog\/wp-content\/uploads\/2024\/03\/1711012994417-338x450.jpg 338w, https:\/\/ettic.org\/blog\/wp-content\/uploads\/2024\/03\/1711012994417.jpg 828w\" data-sizes=\"auto, (max-width: 668px) 100vw, 668px\" \/>\t\t\t\t\t\t\t\t\t\t\t\t\t\t\t<\/div>\n\t\t\t\t<\/div>\n\t\t\t\t\t<\/div>\n\t\t<\/div>\n\t\t\t\t\t<\/div>\n\t\t<\/section>\n\t\t\t\t<\/div>\n\t\t","protected":false},"excerpt":{"rendered":"<p>ETTIC \u00cele-de-France au salon Place \u00e0 l&#8217;emploi \u00e0 Coupvray. &nbsp; Jeudi 21 mars, Marine Tramblay et Nathalie Chassagne de l&rsquo;agence Val d&rsquo;Europe \u00e9taient pr\u00e9sentes sur&#8230;<\/p>\n","protected":false},"author":4,"featured_media":4901,"comment_status":"open","ping_status":"open","sticky":false,"template":"","format":"standard","meta":{"_acf_changed":false,"footnotes":""},"categories":[6],"tags":[],"class_list":["post-4899","post","type-post","status-publish","format-standard","has-post-thumbnail","hentry","category-actualites"],"acf":[],"yoast_head":"<!-- This site is optimized with the Yoast SEO plugin v27.4 - https:\/\/yoast.com\/product\/yoast-seo-wordpress\/ -->\n<title>Place \u00e0 l&#039;emploi - Ettic &amp; Vous<\/title>\n<meta name=\"robots\" content=\"index, follow, max-snippet:-1, max-image-preview:large, max-video-preview:-1\" \/>\n<link rel=\"canonical\" href=\"https:\/\/ettic.org\/blog\/2024\/03\/22\/place-a-lemploi\/\" \/>\n<meta property=\"og:locale\" content=\"fr_FR\" \/>\n<meta property=\"og:type\" content=\"article\" \/>\n<meta property=\"og:title\" content=\"Place \u00e0 l&#039;emploi - Ettic &amp; Vous\" \/>\n<meta property=\"og:description\" content=\"ETTIC \u00cele-de-France au salon Place \u00e0 l&#8217;emploi \u00e0 Coupvray. &nbsp; Jeudi 21 mars, Marine Tramblay et Nathalie Chassagne de l&rsquo;agence Val d&rsquo;Europe \u00e9taient pr\u00e9sentes sur...\" \/>\n<meta property=\"og:url\" content=\"https:\/\/ettic.org\/blog\/2024\/03\/22\/place-a-lemploi\/\" \/>\n<meta property=\"og:site_name\" content=\"Ettic &amp; Vous\" \/>\n<meta property=\"article:published_time\" content=\"2024-03-22T09:51:14+00:00\" \/>\n<meta property=\"article:modified_time\" content=\"2025-09-15T11:49:18+00:00\" \/>\n<meta property=\"og:image\" content=\"https:\/\/ettic.org\/blog\/wp-content\/uploads\/2024\/03\/1711012994084.jpg\" \/>\n\t<meta property=\"og:image:width\" content=\"828\" \/>\n\t<meta property=\"og:image:height\" content=\"621\" \/>\n\t<meta property=\"og:image:type\" content=\"image\/jpeg\" \/>\n<meta name=\"author\" content=\"Aurelie Duroy\" \/>\n<meta name=\"twitter:card\" content=\"summary_large_image\" \/>\n<meta name=\"twitter:label1\" content=\"\u00c9crit par\" \/>\n\t<meta name=\"twitter:data1\" content=\"Aurelie Duroy\" \/>\n\t<meta name=\"twitter:label2\" content=\"Dur\u00e9e de lecture estim\u00e9e\" \/>\n\t<meta name=\"twitter:data2\" content=\"2 minutes\" \/>\n<script type=\"application\/ld+json\" class=\"yoast-schema-graph\">{\"@context\":\"https:\\\/\\\/schema.org\",\"@graph\":[{\"@type\":\"Article\",\"@id\":\"https:\\\/\\\/ettic.org\\\/blog\\\/2024\\\/03\\\/22\\\/place-a-lemploi\\\/#article\",\"isPartOf\":{\"@id\":\"https:\\\/\\\/ettic.org\\\/blog\\\/2024\\\/03\\\/22\\\/place-a-lemploi\\\/\"},\"author\":{\"name\":\"Aurelie Duroy\",\"@id\":\"https:\\\/\\\/ettic.org\\\/blog\\\/#\\\/schema\\\/person\\\/caa608dcff7d9713c610186a1e17316e\"},\"headline\":\"Place \u00e0 l&#8217;emploi\",\"datePublished\":\"2024-03-22T09:51:14+00:00\",\"dateModified\":\"2025-09-15T11:49:18+00:00\",\"mainEntityOfPage\":{\"@id\":\"https:\\\/\\\/ettic.org\\\/blog\\\/2024\\\/03\\\/22\\\/place-a-lemploi\\\/\"},\"wordCount\":111,\"commentCount\":0,\"publisher\":{\"@id\":\"https:\\\/\\\/ettic.org\\\/blog\\\/#organization\"},\"image\":{\"@id\":\"https:\\\/\\\/ettic.org\\\/blog\\\/2024\\\/03\\\/22\\\/place-a-lemploi\\\/#primaryimage\"},\"thumbnailUrl\":\"https:\\\/\\\/ettic.org\\\/blog\\\/wp-content\\\/uploads\\\/2024\\\/03\\\/1711012994084.jpg\",\"articleSection\":[\"Actualit\u00e9s\"],\"inLanguage\":\"fr-FR\",\"potentialAction\":[{\"@type\":\"CommentAction\",\"name\":\"Comment\",\"target\":[\"https:\\\/\\\/ettic.org\\\/blog\\\/2024\\\/03\\\/22\\\/place-a-lemploi\\\/#respond\"]}]},{\"@type\":\"WebPage\",\"@id\":\"https:\\\/\\\/ettic.org\\\/blog\\\/2024\\\/03\\\/22\\\/place-a-lemploi\\\/\",\"url\":\"https:\\\/\\\/ettic.org\\\/blog\\\/2024\\\/03\\\/22\\\/place-a-lemploi\\\/\",\"name\":\"Place \u00e0 l'emploi - Ettic &amp; Vous\",\"isPartOf\":{\"@id\":\"https:\\\/\\\/ettic.org\\\/blog\\\/#website\"},\"primaryImageOfPage\":{\"@id\":\"https:\\\/\\\/ettic.org\\\/blog\\\/2024\\\/03\\\/22\\\/place-a-lemploi\\\/#primaryimage\"},\"image\":{\"@id\":\"https:\\\/\\\/ettic.org\\\/blog\\\/2024\\\/03\\\/22\\\/place-a-lemploi\\\/#primaryimage\"},\"thumbnailUrl\":\"https:\\\/\\\/ettic.org\\\/blog\\\/wp-content\\\/uploads\\\/2024\\\/03\\\/1711012994084.jpg\",\"datePublished\":\"2024-03-22T09:51:14+00:00\",\"dateModified\":\"2025-09-15T11:49:18+00:00\",\"breadcrumb\":{\"@id\":\"https:\\\/\\\/ettic.org\\\/blog\\\/2024\\\/03\\\/22\\\/place-a-lemploi\\\/#breadcrumb\"},\"inLanguage\":\"fr-FR\",\"potentialAction\":[{\"@type\":\"ReadAction\",\"target\":[\"https:\\\/\\\/ettic.org\\\/blog\\\/2024\\\/03\\\/22\\\/place-a-lemploi\\\/\"]}]},{\"@type\":\"ImageObject\",\"inLanguage\":\"fr-FR\",\"@id\":\"https:\\\/\\\/ettic.org\\\/blog\\\/2024\\\/03\\\/22\\\/place-a-lemploi\\\/#primaryimage\",\"url\":\"https:\\\/\\\/ettic.org\\\/blog\\\/wp-content\\\/uploads\\\/2024\\\/03\\\/1711012994084.jpg\",\"contentUrl\":\"https:\\\/\\\/ettic.org\\\/blog\\\/wp-content\\\/uploads\\\/2024\\\/03\\\/1711012994084.jpg\",\"width\":828,\"height\":621},{\"@type\":\"BreadcrumbList\",\"@id\":\"https:\\\/\\\/ettic.org\\\/blog\\\/2024\\\/03\\\/22\\\/place-a-lemploi\\\/#breadcrumb\",\"itemListElement\":[{\"@type\":\"ListItem\",\"position\":1,\"name\":\"Accueil\",\"item\":\"https:\\\/\\\/ettic.org\\\/blog\\\/\"},{\"@type\":\"ListItem\",\"position\":2,\"name\":\"Place \u00e0 l&#8217;emploi\"}]},{\"@type\":\"WebSite\",\"@id\":\"https:\\\/\\\/ettic.org\\\/blog\\\/#website\",\"url\":\"https:\\\/\\\/ettic.org\\\/blog\\\/\",\"name\":\"Ettic blog\",\"description\":\"Ettic, partageons nos actualit\u00e9s\",\"publisher\":{\"@id\":\"https:\\\/\\\/ettic.org\\\/blog\\\/#organization\"},\"potentialAction\":[{\"@type\":\"SearchAction\",\"target\":{\"@type\":\"EntryPoint\",\"urlTemplate\":\"https:\\\/\\\/ettic.org\\\/blog\\\/?s={search_term_string}\"},\"query-input\":{\"@type\":\"PropertyValueSpecification\",\"valueRequired\":true,\"valueName\":\"search_term_string\"}}],\"inLanguage\":\"fr-FR\"},{\"@type\":\"Organization\",\"@id\":\"https:\\\/\\\/ettic.org\\\/blog\\\/#organization\",\"name\":\"Ettic blog\",\"url\":\"https:\\\/\\\/ettic.org\\\/blog\\\/\",\"logo\":{\"@type\":\"ImageObject\",\"inLanguage\":\"fr-FR\",\"@id\":\"https:\\\/\\\/ettic.org\\\/blog\\\/#\\\/schema\\\/logo\\\/image\\\/\",\"url\":\"\",\"contentUrl\":\"\",\"caption\":\"Ettic blog\"},\"image\":{\"@id\":\"https:\\\/\\\/ettic.org\\\/blog\\\/#\\\/schema\\\/logo\\\/image\\\/\"}},{\"@type\":\"Person\",\"@id\":\"https:\\\/\\\/ettic.org\\\/blog\\\/#\\\/schema\\\/person\\\/caa608dcff7d9713c610186a1e17316e\",\"name\":\"Aurelie Duroy\",\"image\":{\"@type\":\"ImageObject\",\"inLanguage\":\"fr-FR\",\"@id\":\"https:\\\/\\\/secure.gravatar.com\\\/avatar\\\/cea75d831d8e4659b1fbf892b61e7e37ef14779e51fa75359498787d24054434?s=96&d=mm&r=g\",\"url\":\"https:\\\/\\\/secure.gravatar.com\\\/avatar\\\/cea75d831d8e4659b1fbf892b61e7e37ef14779e51fa75359498787d24054434?s=96&d=mm&r=g\",\"contentUrl\":\"https:\\\/\\\/secure.gravatar.com\\\/avatar\\\/cea75d831d8e4659b1fbf892b61e7e37ef14779e51fa75359498787d24054434?s=96&d=mm&r=g\",\"caption\":\"Aurelie Duroy\"},\"url\":\"https:\\\/\\\/ettic.org\\\/blog\\\/author\\\/aurelieettic\\\/\"}]}<\/script>\n<!-- \/ Yoast SEO plugin. -->","yoast_head_json":{"title":"Place \u00e0 l'emploi - Ettic &amp; Vous","robots":{"index":"index","follow":"follow","max-snippet":"max-snippet:-1","max-image-preview":"max-image-preview:large","max-video-preview":"max-video-preview:-1"},"canonical":"https:\/\/ettic.org\/blog\/2024\/03\/22\/place-a-lemploi\/","og_locale":"fr_FR","og_type":"article","og_title":"Place \u00e0 l'emploi - Ettic &amp; Vous","og_description":"ETTIC \u00cele-de-France au salon Place \u00e0 l&#8217;emploi \u00e0 Coupvray. &nbsp; Jeudi 21 mars, Marine Tramblay et Nathalie Chassagne de l&rsquo;agence Val d&rsquo;Europe \u00e9taient pr\u00e9sentes sur...","og_url":"https:\/\/ettic.org\/blog\/2024\/03\/22\/place-a-lemploi\/","og_site_name":"Ettic &amp; Vous","article_published_time":"2024-03-22T09:51:14+00:00","article_modified_time":"2025-09-15T11:49:18+00:00","og_image":[{"width":828,"height":621,"url":"https:\/\/ettic.org\/blog\/wp-content\/uploads\/2024\/03\/1711012994084.jpg","type":"image\/jpeg"}],"author":"Aurelie Duroy","twitter_card":"summary_large_image","twitter_misc":{"\u00c9crit par":"Aurelie Duroy","Dur\u00e9e de lecture estim\u00e9e":"2 minutes"},"schema":{"@context":"https:\/\/schema.org","@graph":[{"@type":"Article","@id":"https:\/\/ettic.org\/blog\/2024\/03\/22\/place-a-lemploi\/#article","isPartOf":{"@id":"https:\/\/ettic.org\/blog\/2024\/03\/22\/place-a-lemploi\/"},"author":{"name":"Aurelie Duroy","@id":"https:\/\/ettic.org\/blog\/#\/schema\/person\/caa608dcff7d9713c610186a1e17316e"},"headline":"Place \u00e0 l&#8217;emploi","datePublished":"2024-03-22T09:51:14+00:00","dateModified":"2025-09-15T11:49:18+00:00","mainEntityOfPage":{"@id":"https:\/\/ettic.org\/blog\/2024\/03\/22\/place-a-lemploi\/"},"wordCount":111,"commentCount":0,"publisher":{"@id":"https:\/\/ettic.org\/blog\/#organization"},"image":{"@id":"https:\/\/ettic.org\/blog\/2024\/03\/22\/place-a-lemploi\/#primaryimage"},"thumbnailUrl":"https:\/\/ettic.org\/blog\/wp-content\/uploads\/2024\/03\/1711012994084.jpg","articleSection":["Actualit\u00e9s"],"inLanguage":"fr-FR","potentialAction":[{"@type":"CommentAction","name":"Comment","target":["https:\/\/ettic.org\/blog\/2024\/03\/22\/place-a-lemploi\/#respond"]}]},{"@type":"WebPage","@id":"https:\/\/ettic.org\/blog\/2024\/03\/22\/place-a-lemploi\/","url":"https:\/\/ettic.org\/blog\/2024\/03\/22\/place-a-lemploi\/","name":"Place \u00e0 l'emploi - Ettic &amp; Vous","isPartOf":{"@id":"https:\/\/ettic.org\/blog\/#website"},"primaryImageOfPage":{"@id":"https:\/\/ettic.org\/blog\/2024\/03\/22\/place-a-lemploi\/#primaryimage"},"image":{"@id":"https:\/\/ettic.org\/blog\/2024\/03\/22\/place-a-lemploi\/#primaryimage"},"thumbnailUrl":"https:\/\/ettic.org\/blog\/wp-content\/uploads\/2024\/03\/1711012994084.jpg","datePublished":"2024-03-22T09:51:14+00:00","dateModified":"2025-09-15T11:49:18+00:00","breadcrumb":{"@id":"https:\/\/ettic.org\/blog\/2024\/03\/22\/place-a-lemploi\/#breadcrumb"},"inLanguage":"fr-FR","potentialAction":[{"@type":"ReadAction","target":["https:\/\/ettic.org\/blog\/2024\/03\/22\/place-a-lemploi\/"]}]},{"@type":"ImageObject","inLanguage":"fr-FR","@id":"https:\/\/ettic.org\/blog\/2024\/03\/22\/place-a-lemploi\/#primaryimage","url":"https:\/\/ettic.org\/blog\/wp-content\/uploads\/2024\/03\/1711012994084.jpg","contentUrl":"https:\/\/ettic.org\/blog\/wp-content\/uploads\/2024\/03\/1711012994084.jpg","width":828,"height":621},{"@type":"BreadcrumbList","@id":"https:\/\/ettic.org\/blog\/2024\/03\/22\/place-a-lemploi\/#breadcrumb","itemListElement":[{"@type":"ListItem","position":1,"name":"Accueil","item":"https:\/\/ettic.org\/blog\/"},{"@type":"ListItem","position":2,"name":"Place \u00e0 l&#8217;emploi"}]},{"@type":"WebSite","@id":"https:\/\/ettic.org\/blog\/#website","url":"https:\/\/ettic.org\/blog\/","name":"Ettic blog","description":"Ettic, partageons nos actualit\u00e9s","publisher":{"@id":"https:\/\/ettic.org\/blog\/#organization"},"potentialAction":[{"@type":"SearchAction","target":{"@type":"EntryPoint","urlTemplate":"https:\/\/ettic.org\/blog\/?s={search_term_string}"},"query-input":{"@type":"PropertyValueSpecification","valueRequired":true,"valueName":"search_term_string"}}],"inLanguage":"fr-FR"},{"@type":"Organization","@id":"https:\/\/ettic.org\/blog\/#organization","name":"Ettic blog","url":"https:\/\/ettic.org\/blog\/","logo":{"@type":"ImageObject","inLanguage":"fr-FR","@id":"https:\/\/ettic.org\/blog\/#\/schema\/logo\/image\/","url":"","contentUrl":"","caption":"Ettic blog"},"image":{"@id":"https:\/\/ettic.org\/blog\/#\/schema\/logo\/image\/"}},{"@type":"Person","@id":"https:\/\/ettic.org\/blog\/#\/schema\/person\/caa608dcff7d9713c610186a1e17316e","name":"Aurelie Duroy","image":{"@type":"ImageObject","inLanguage":"fr-FR","@id":"https:\/\/secure.gravatar.com\/avatar\/cea75d831d8e4659b1fbf892b61e7e37ef14779e51fa75359498787d24054434?s=96&d=mm&r=g","url":"https:\/\/secure.gravatar.com\/avatar\/cea75d831d8e4659b1fbf892b61e7e37ef14779e51fa75359498787d24054434?s=96&d=mm&r=g","contentUrl":"https:\/\/secure.gravatar.com\/avatar\/cea75d831d8e4659b1fbf892b61e7e37ef14779e51fa75359498787d24054434?s=96&d=mm&r=g","caption":"Aurelie Duroy"},"url":"https:\/\/ettic.org\/blog\/author\/aurelieettic\/"}]}},"_links":{"self":[{"href":"https:\/\/ettic.org\/blog\/wp-json\/wp\/v2\/posts\/4899","targetHints":{"allow":["GET"]}}],"collection":[{"href":"https:\/\/ettic.org\/blog\/wp-json\/wp\/v2\/posts"}],"about":[{"href":"https:\/\/ettic.org\/blog\/wp-json\/wp\/v2\/types\/post"}],"author":[{"embeddable":true,"href":"https:\/\/ettic.org\/blog\/wp-json\/wp\/v2\/users\/4"}],"replies":[{"embeddable":true,"href":"https:\/\/ettic.org\/blog\/wp-json\/wp\/v2\/comments?post=4899"}],"version-history":[{"count":29,"href":"https:\/\/ettic.org\/blog\/wp-json\/wp\/v2\/posts\/4899\/revisions"}],"predecessor-version":[{"id":4940,"href":"https:\/\/ettic.org\/blog\/wp-json\/wp\/v2\/posts\/4899\/revisions\/4940"}],"wp:featuredmedia":[{"embeddable":true,"href":"https:\/\/ettic.org\/blog\/wp-json\/wp\/v2\/media\/4901"}],"wp:attachment":[{"href":"https:\/\/ettic.org\/blog\/wp-json\/wp\/v2\/media?parent=4899"}],"wp:term":[{"taxonomy":"category","embeddable":true,"href":"https:\/\/ettic.org\/blog\/wp-json\/wp\/v2\/categories?post=4899"},{"taxonomy":"post_tag","embeddable":true,"href":"https:\/\/ettic.org\/blog\/wp-json\/wp\/v2\/tags?post=4899"}],"curies":[{"name":"wp","href":"https:\/\/api.w.org\/{rel}","templated":true}]}}