{"id":6368,"date":"2026-01-26T12:17:00","date_gmt":"2026-01-26T11:17:00","guid":{"rendered":"https:\/\/ettic.org\/blog\/?p=6368"},"modified":"2026-02-02T14:15:56","modified_gmt":"2026-02-02T13:15:56","slug":"lapaei-de-la-cote-fleurie-rejoint-ettic-normandie","status":"publish","type":"post","link":"https:\/\/ettic.org\/blog\/2026\/01\/26\/lapaei-de-la-cote-fleurie-rejoint-ettic-normandie\/","title":{"rendered":"L\u2019APAEI de la C\u00f4te Fleurie rejoint Ettic \u2013 Normandie"},"content":{"rendered":"\n<h2 class=\"wp-block-heading\">Un nouveau coop\u00e9rateur engag\u00e9 dans le secteur social et m\u00e9dico-social.<\/h2>\n\n\n\n<div style=\"height:25px\" aria-hidden=\"true\" class=\"wp-block-spacer\"><\/div>\n\n\n\n<p>Ettic \u2013 Normandie annonce l\u2019arriv\u00e9e d\u2019un nouveau coop\u00e9rateur au sein de sa coop\u00e9rative d\u2019emploi : <strong>l\u2019APAEI de la C\u00f4te Fleurie<\/strong>. Cette adh\u00e9sion vient renforcer un r\u00e9seau d\u2019acteurs engag\u00e9s dans les <strong>secteurs social et m\u00e9dico-social dans le Calvados<\/strong>, au service des structures locales et des professionnel\u00b7le\u00b7s du territoire.<\/p>\n\n\n\n<div style=\"height:25px\" aria-hidden=\"true\" class=\"wp-block-spacer\"><\/div>\n\n\n\n<h3 class=\"wp-block-heading\">Une coop\u00e9rative d\u2019emploi au service du social et du m\u00e9dico-social en Normandie<br><\/h3>\n\n\n\n<p>Ettic \u2013 Normandie est une <strong>coop\u00e9rative d\u2019emploi sp\u00e9cialis\u00e9e dans le secteur social et m\u00e9dico-social<\/strong>, qui accompagne les \u00e9tablissements et associations face aux enjeux croissants de <strong>recrutement, de fid\u00e9lisation et de s\u00e9curisation des parcours professionnels<\/strong>.<\/p>\n\n\n\n<p>L\u2019int\u00e9gration de l\u2019APAEI de la C\u00f4te Fleurie s\u2019inscrit pleinement dans cette dynamique coop\u00e9rative, fond\u00e9e sur la coop\u00e9ration territoriale, la mutualisation des ressources et la recherche de solutions concr\u00e8tes et durables pour l\u2019emploi.<\/p>\n\n\n\n<div style=\"height:15px\" aria-hidden=\"true\" class=\"wp-block-spacer\"><\/div>\n\n\n\n<h3 class=\"wp-block-heading\">Des valeurs communes au c\u0153ur de la collaboration<br><\/h3>\n\n\n\n<p>Le rapprochement entre Ettic \u2013 Normandie et l\u2019APAEI de la C\u00f4te Fleurie repose sur des <strong>valeurs partag\u00e9es<\/strong>, essentielles pour r\u00e9pondre aux d\u00e9fis actuels du secteur social et m\u00e9dico-social.<\/p>\n\n\n\n<div style=\"height:25px\" aria-hidden=\"true\" class=\"wp-block-spacer\"><\/div>\n\n\n\n<h3 class=\"wp-block-heading\">R\u00e9pondre aux enjeux de recrutement sur les territoires<\/h3>\n\n\n\n<p><br>Les difficult\u00e9s de recrutement constituent aujourd\u2019hui un enjeu majeur pour les structures du secteur. En rejoignant Ettic \u2013 Normandie, l\u2019APAEI de la C\u00f4te Fleurie participe \u00e0 une d\u00e9marche collective visant \u00e0 :<\/p>\n\n\n\n<p>\u2022 renforcer l\u2019attractivit\u00e9 des m\u00e9tiers du social et du m\u00e9dico-social.<\/p>\n\n\n\n<p>\u2022 d\u00e9velopper des solutions adapt\u00e9es aux besoins locaux,<\/p>\n\n\n\n<p>\u2022 s\u00e9curiser les parcours des professionnel\u00b7le\u00b7s,<\/p>\n\n\n\n<div style=\"height:25px\" aria-hidden=\"true\" class=\"wp-block-spacer\"><\/div>\n\n\n\n<h3 class=\"wp-block-heading\">Mutualiser les comp\u00e9tences et les ressources<\/h3>\n\n\n\n<p>La coop\u00e9ration permet de <strong>partager les savoir-faire, les exp\u00e9riences et les outils<\/strong>, au b\u00e9n\u00e9fice de l\u2019ensemble des acteurs du r\u00e9seau. Cette mutualisation favorise une meilleure efficience des actions men\u00e9es et une r\u00e9ponse plus coh\u00e9rente aux besoins des \u00e9tablissements comme des salari\u00e9\u00b7e\u00b7s.<\/p>\n\n\n\n<div style=\"height:25px\" aria-hidden=\"true\" class=\"wp-block-spacer\"><\/div>\n\n\n\n<h3 class=\"wp-block-heading\">Mettre l\u2019humain au centre des pratiques<\/h3>\n\n\n\n<p>Ettic \u2013 Normandie et l\u2019APAEI de la C\u00f4te Fleurie partagent une vision commune : <strong>placer l\u2019humain, l\u2019engagement et la solidarit\u00e9 au c\u0153ur des actions<\/strong>. Valoriser les professionnel\u00b7le\u00b7s, reconna\u00eetre leur expertise et donner du sens au travail constituent des piliers essentiels de cette collaboration.<\/p>\n\n\n\n<div style=\"height:25px\" aria-hidden=\"true\" class=\"wp-block-spacer\"><\/div>\n\n\n\n<h3 class=\"wp-block-heading\">Renforcer un r\u00e9seau d\u2019acteurs engag\u00e9s dans le Calvados<\/h3>\n\n\n\n<p>L\u2019arriv\u00e9e de l\u2019APAEI de la C\u00f4te Fleurie contribue \u00e0 <strong>renforcer le r\u00e9seau coop\u00e9ratif d\u2019Ettic \u2013 Normandie<\/strong> dans le Calvados. Chaque nouveau coop\u00e9rateur participe \u00e0 la construction d\u2019un mod\u00e8le d\u2019emploi plus solidaire, plus stable et mieux adapt\u00e9 aux r\u00e9alit\u00e9s du terrain.<\/p>\n\n\n\n<p>Cette dynamique collective permet de consolider les liens entre structures locales, de favoriser les synergies et de d\u00e9velopper des projets communs au service du territoire.<\/p>\n\n\n\n<div style=\"height:25px\" aria-hidden=\"true\" class=\"wp-block-spacer\"><\/div>\n\n\n\n<p><\/p>\n\n\n\n<p>Nous souhaitons la bienvenue \u00e0 l\u2019APAEI de la C\u00f4te Fleurie au sein d\u2019Ettic \u2013 Normandie et nous r\u00e9jouissons de cette collaboration, au service des structures locales et des professionnel\u00b7le\u00b7s qui font vivre le secteur social et m\u00e9dico-social au quotidien.<\/p>\n\n\n\n<div style=\"height:25px\" aria-hidden=\"true\" class=\"wp-block-spacer\"><\/div>\n\n\n\n<h5 class=\"wp-block-heading\">Vous recherchez un poste dans le secteur social et m\u00e9dico\u2011social? Rejoignez nos viviers de talents.<\/h5>\n\n\n\n<div style=\"height:25px\" aria-hidden=\"true\" class=\"wp-block-spacer\"><\/div>\n\n\n\n<h5 class=\"wp-block-heading\">Vous dirigez une structure en Normandie? Contactez\u2011nous pour d\u00e9couvrir nos solutions de recrutement mutualis\u00e9es.<\/h5>\n\n\n\n<div style=\"height:25px\" aria-hidden=\"true\" class=\"wp-block-spacer\"><\/div>\n\n\n\n<h5 class=\"wp-block-heading\">Contact :<\/h5>\n\n\n\n<p><strong>C\u00e9cile Batby \u2013 Directrice Ex\u00e9cutive d\u2019Ettic Normandie<\/strong><\/p>\n\n\n\n<p><strong>cecile.batby@ettic-normandie.org<\/strong><\/p>\n\n\n\n<p><strong>06 60 54 95 18<\/strong><\/p>\n\n\n\n<p><\/p>\n","protected":false},"excerpt":{"rendered":"<p>Un nouveau coop\u00e9rateur engag\u00e9 dans le secteur social et m\u00e9dico-social. Ettic \u2013 Normandie annonce l\u2019arriv\u00e9e d\u2019un nouveau coop\u00e9rateur au sein de sa coop\u00e9rative d\u2019emploi :&#8230;<\/p>\n","protected":false},"author":4,"featured_media":6370,"comment_status":"open","ping_status":"open","sticky":false,"template":"","format":"standard","meta":{"_acf_changed":false,"footnotes":""},"categories":[6,1,26],"tags":[],"class_list":["post-6368","post","type-post","status-publish","format-standard","has-post-thumbnail","hentry","category-actualites","category-non-classe","category-salons"],"acf":[],"yoast_head":"<!-- This site is optimized with the Yoast SEO plugin v27.4 - https:\/\/yoast.com\/product\/yoast-seo-wordpress\/ -->\n<title>L\u2019APAEI de la C\u00f4te Fleurie rejoint Ettic \u2013 Normandie - Ettic &amp; Vous<\/title>\n<meta name=\"description\" content=\"L\u2019APAEI de la C\u00f4te Fleurie rejoint Ettic Normandie pour r\u00e9pondre aux enjeux de recrutement du social et m\u00e9dico-social.\" \/>\n<meta name=\"robots\" content=\"index, follow, max-snippet:-1, max-image-preview:large, max-video-preview:-1\" \/>\n<link rel=\"canonical\" href=\"https:\/\/ettic.org\/blog\/2026\/01\/26\/lapaei-de-la-cote-fleurie-rejoint-ettic-normandie\/\" \/>\n<meta property=\"og:locale\" content=\"fr_FR\" \/>\n<meta property=\"og:type\" content=\"article\" \/>\n<meta property=\"og:title\" content=\"L\u2019APAEI de la C\u00f4te Fleurie rejoint Ettic \u2013 Normandie - Ettic &amp; Vous\" \/>\n<meta property=\"og:description\" content=\"L\u2019APAEI de la C\u00f4te Fleurie rejoint Ettic Normandie pour r\u00e9pondre aux enjeux de recrutement du social et m\u00e9dico-social.\" \/>\n<meta property=\"og:url\" content=\"https:\/\/ettic.org\/blog\/2026\/01\/26\/lapaei-de-la-cote-fleurie-rejoint-ettic-normandie\/\" \/>\n<meta property=\"og:site_name\" content=\"Ettic &amp; Vous\" \/>\n<meta property=\"article:published_time\" content=\"2026-01-26T11:17:00+00:00\" \/>\n<meta property=\"article:modified_time\" content=\"2026-02-02T13:15:56+00:00\" \/>\n<meta property=\"og:image\" content=\"https:\/\/ettic.org\/blog\/wp-content\/uploads\/2026\/01\/Bienvenue-APAEI-CF.png\" \/>\n\t<meta property=\"og:image:width\" content=\"1771\" \/>\n\t<meta property=\"og:image:height\" content=\"1181\" \/>\n\t<meta property=\"og:image:type\" content=\"image\/png\" \/>\n<meta name=\"author\" content=\"Aurelie Duroy\" \/>\n<meta name=\"twitter:card\" content=\"summary_large_image\" \/>\n<meta name=\"twitter:label1\" content=\"\u00c9crit par\" \/>\n\t<meta name=\"twitter:data1\" content=\"Aurelie Duroy\" \/>\n\t<meta name=\"twitter:label2\" content=\"Dur\u00e9e de lecture estim\u00e9e\" \/>\n\t<meta name=\"twitter:data2\" content=\"3 minutes\" \/>\n<script type=\"application\/ld+json\" class=\"yoast-schema-graph\">{\"@context\":\"https:\\\/\\\/schema.org\",\"@graph\":[{\"@type\":\"Article\",\"@id\":\"https:\\\/\\\/ettic.org\\\/blog\\\/2026\\\/01\\\/26\\\/lapaei-de-la-cote-fleurie-rejoint-ettic-normandie\\\/#article\",\"isPartOf\":{\"@id\":\"https:\\\/\\\/ettic.org\\\/blog\\\/2026\\\/01\\\/26\\\/lapaei-de-la-cote-fleurie-rejoint-ettic-normandie\\\/\"},\"author\":{\"name\":\"Aurelie Duroy\",\"@id\":\"https:\\\/\\\/ettic.org\\\/blog\\\/#\\\/schema\\\/person\\\/caa608dcff7d9713c610186a1e17316e\"},\"headline\":\"L\u2019APAEI de la C\u00f4te Fleurie rejoint Ettic \u2013 Normandie\",\"datePublished\":\"2026-01-26T11:17:00+00:00\",\"dateModified\":\"2026-02-02T13:15:56+00:00\",\"mainEntityOfPage\":{\"@id\":\"https:\\\/\\\/ettic.org\\\/blog\\\/2026\\\/01\\\/26\\\/lapaei-de-la-cote-fleurie-rejoint-ettic-normandie\\\/\"},\"wordCount\":586,\"commentCount\":0,\"publisher\":{\"@id\":\"https:\\\/\\\/ettic.org\\\/blog\\\/#organization\"},\"image\":{\"@id\":\"https:\\\/\\\/ettic.org\\\/blog\\\/2026\\\/01\\\/26\\\/lapaei-de-la-cote-fleurie-rejoint-ettic-normandie\\\/#primaryimage\"},\"thumbnailUrl\":\"https:\\\/\\\/ettic.org\\\/blog\\\/wp-content\\\/uploads\\\/2026\\\/01\\\/Bienvenue-APAEI-CF.png\",\"articleSection\":{\"0\":\"Actualit\u00e9s\",\"2\":\"Salons\"},\"inLanguage\":\"fr-FR\",\"potentialAction\":[{\"@type\":\"CommentAction\",\"name\":\"Comment\",\"target\":[\"https:\\\/\\\/ettic.org\\\/blog\\\/2026\\\/01\\\/26\\\/lapaei-de-la-cote-fleurie-rejoint-ettic-normandie\\\/#respond\"]}]},{\"@type\":\"WebPage\",\"@id\":\"https:\\\/\\\/ettic.org\\\/blog\\\/2026\\\/01\\\/26\\\/lapaei-de-la-cote-fleurie-rejoint-ettic-normandie\\\/\",\"url\":\"https:\\\/\\\/ettic.org\\\/blog\\\/2026\\\/01\\\/26\\\/lapaei-de-la-cote-fleurie-rejoint-ettic-normandie\\\/\",\"name\":\"L\u2019APAEI de la C\u00f4te Fleurie rejoint Ettic \u2013 Normandie - Ettic &amp; Vous\",\"isPartOf\":{\"@id\":\"https:\\\/\\\/ettic.org\\\/blog\\\/#website\"},\"primaryImageOfPage\":{\"@id\":\"https:\\\/\\\/ettic.org\\\/blog\\\/2026\\\/01\\\/26\\\/lapaei-de-la-cote-fleurie-rejoint-ettic-normandie\\\/#primaryimage\"},\"image\":{\"@id\":\"https:\\\/\\\/ettic.org\\\/blog\\\/2026\\\/01\\\/26\\\/lapaei-de-la-cote-fleurie-rejoint-ettic-normandie\\\/#primaryimage\"},\"thumbnailUrl\":\"https:\\\/\\\/ettic.org\\\/blog\\\/wp-content\\\/uploads\\\/2026\\\/01\\\/Bienvenue-APAEI-CF.png\",\"datePublished\":\"2026-01-26T11:17:00+00:00\",\"dateModified\":\"2026-02-02T13:15:56+00:00\",\"description\":\"L\u2019APAEI de la C\u00f4te Fleurie rejoint Ettic Normandie pour r\u00e9pondre aux enjeux de recrutement du social et m\u00e9dico-social.\",\"breadcrumb\":{\"@id\":\"https:\\\/\\\/ettic.org\\\/blog\\\/2026\\\/01\\\/26\\\/lapaei-de-la-cote-fleurie-rejoint-ettic-normandie\\\/#breadcrumb\"},\"inLanguage\":\"fr-FR\",\"potentialAction\":[{\"@type\":\"ReadAction\",\"target\":[\"https:\\\/\\\/ettic.org\\\/blog\\\/2026\\\/01\\\/26\\\/lapaei-de-la-cote-fleurie-rejoint-ettic-normandie\\\/\"]}]},{\"@type\":\"ImageObject\",\"inLanguage\":\"fr-FR\",\"@id\":\"https:\\\/\\\/ettic.org\\\/blog\\\/2026\\\/01\\\/26\\\/lapaei-de-la-cote-fleurie-rejoint-ettic-normandie\\\/#primaryimage\",\"url\":\"https:\\\/\\\/ettic.org\\\/blog\\\/wp-content\\\/uploads\\\/2026\\\/01\\\/Bienvenue-APAEI-CF.png\",\"contentUrl\":\"https:\\\/\\\/ettic.org\\\/blog\\\/wp-content\\\/uploads\\\/2026\\\/01\\\/Bienvenue-APAEI-CF.png\",\"width\":1771,\"height\":1181},{\"@type\":\"BreadcrumbList\",\"@id\":\"https:\\\/\\\/ettic.org\\\/blog\\\/2026\\\/01\\\/26\\\/lapaei-de-la-cote-fleurie-rejoint-ettic-normandie\\\/#breadcrumb\",\"itemListElement\":[{\"@type\":\"ListItem\",\"position\":1,\"name\":\"Accueil\",\"item\":\"https:\\\/\\\/ettic.org\\\/blog\\\/\"},{\"@type\":\"ListItem\",\"position\":2,\"name\":\"L\u2019APAEI de la C\u00f4te Fleurie rejoint Ettic \u2013 Normandie\"}]},{\"@type\":\"WebSite\",\"@id\":\"https:\\\/\\\/ettic.org\\\/blog\\\/#website\",\"url\":\"https:\\\/\\\/ettic.org\\\/blog\\\/\",\"name\":\"Ettic blog\",\"description\":\"Ettic, partageons nos actualit\u00e9s\",\"publisher\":{\"@id\":\"https:\\\/\\\/ettic.org\\\/blog\\\/#organization\"},\"potentialAction\":[{\"@type\":\"SearchAction\",\"target\":{\"@type\":\"EntryPoint\",\"urlTemplate\":\"https:\\\/\\\/ettic.org\\\/blog\\\/?s={search_term_string}\"},\"query-input\":{\"@type\":\"PropertyValueSpecification\",\"valueRequired\":true,\"valueName\":\"search_term_string\"}}],\"inLanguage\":\"fr-FR\"},{\"@type\":\"Organization\",\"@id\":\"https:\\\/\\\/ettic.org\\\/blog\\\/#organization\",\"name\":\"Ettic blog\",\"url\":\"https:\\\/\\\/ettic.org\\\/blog\\\/\",\"logo\":{\"@type\":\"ImageObject\",\"inLanguage\":\"fr-FR\",\"@id\":\"https:\\\/\\\/ettic.org\\\/blog\\\/#\\\/schema\\\/logo\\\/image\\\/\",\"url\":\"\",\"contentUrl\":\"\",\"caption\":\"Ettic blog\"},\"image\":{\"@id\":\"https:\\\/\\\/ettic.org\\\/blog\\\/#\\\/schema\\\/logo\\\/image\\\/\"}},{\"@type\":\"Person\",\"@id\":\"https:\\\/\\\/ettic.org\\\/blog\\\/#\\\/schema\\\/person\\\/caa608dcff7d9713c610186a1e17316e\",\"name\":\"Aurelie Duroy\",\"image\":{\"@type\":\"ImageObject\",\"inLanguage\":\"fr-FR\",\"@id\":\"https:\\\/\\\/secure.gravatar.com\\\/avatar\\\/cea75d831d8e4659b1fbf892b61e7e37ef14779e51fa75359498787d24054434?s=96&d=mm&r=g\",\"url\":\"https:\\\/\\\/secure.gravatar.com\\\/avatar\\\/cea75d831d8e4659b1fbf892b61e7e37ef14779e51fa75359498787d24054434?s=96&d=mm&r=g\",\"contentUrl\":\"https:\\\/\\\/secure.gravatar.com\\\/avatar\\\/cea75d831d8e4659b1fbf892b61e7e37ef14779e51fa75359498787d24054434?s=96&d=mm&r=g\",\"caption\":\"Aurelie Duroy\"},\"url\":\"https:\\\/\\\/ettic.org\\\/blog\\\/author\\\/aurelieettic\\\/\"}]}<\/script>\n<!-- \/ Yoast SEO plugin. -->","yoast_head_json":{"title":"L\u2019APAEI de la C\u00f4te Fleurie rejoint Ettic \u2013 Normandie - Ettic &amp; Vous","description":"L\u2019APAEI de la C\u00f4te Fleurie rejoint Ettic Normandie pour r\u00e9pondre aux enjeux de recrutement du social et m\u00e9dico-social.","robots":{"index":"index","follow":"follow","max-snippet":"max-snippet:-1","max-image-preview":"max-image-preview:large","max-video-preview":"max-video-preview:-1"},"canonical":"https:\/\/ettic.org\/blog\/2026\/01\/26\/lapaei-de-la-cote-fleurie-rejoint-ettic-normandie\/","og_locale":"fr_FR","og_type":"article","og_title":"L\u2019APAEI de la C\u00f4te Fleurie rejoint Ettic \u2013 Normandie - Ettic &amp; Vous","og_description":"L\u2019APAEI de la C\u00f4te Fleurie rejoint Ettic Normandie pour r\u00e9pondre aux enjeux de recrutement du social et m\u00e9dico-social.","og_url":"https:\/\/ettic.org\/blog\/2026\/01\/26\/lapaei-de-la-cote-fleurie-rejoint-ettic-normandie\/","og_site_name":"Ettic &amp; Vous","article_published_time":"2026-01-26T11:17:00+00:00","article_modified_time":"2026-02-02T13:15:56+00:00","og_image":[{"width":1771,"height":1181,"url":"https:\/\/ettic.org\/blog\/wp-content\/uploads\/2026\/01\/Bienvenue-APAEI-CF.png","type":"image\/png"}],"author":"Aurelie Duroy","twitter_card":"summary_large_image","twitter_misc":{"\u00c9crit par":"Aurelie Duroy","Dur\u00e9e de lecture estim\u00e9e":"3 minutes"},"schema":{"@context":"https:\/\/schema.org","@graph":[{"@type":"Article","@id":"https:\/\/ettic.org\/blog\/2026\/01\/26\/lapaei-de-la-cote-fleurie-rejoint-ettic-normandie\/#article","isPartOf":{"@id":"https:\/\/ettic.org\/blog\/2026\/01\/26\/lapaei-de-la-cote-fleurie-rejoint-ettic-normandie\/"},"author":{"name":"Aurelie Duroy","@id":"https:\/\/ettic.org\/blog\/#\/schema\/person\/caa608dcff7d9713c610186a1e17316e"},"headline":"L\u2019APAEI de la C\u00f4te Fleurie rejoint Ettic \u2013 Normandie","datePublished":"2026-01-26T11:17:00+00:00","dateModified":"2026-02-02T13:15:56+00:00","mainEntityOfPage":{"@id":"https:\/\/ettic.org\/blog\/2026\/01\/26\/lapaei-de-la-cote-fleurie-rejoint-ettic-normandie\/"},"wordCount":586,"commentCount":0,"publisher":{"@id":"https:\/\/ettic.org\/blog\/#organization"},"image":{"@id":"https:\/\/ettic.org\/blog\/2026\/01\/26\/lapaei-de-la-cote-fleurie-rejoint-ettic-normandie\/#primaryimage"},"thumbnailUrl":"https:\/\/ettic.org\/blog\/wp-content\/uploads\/2026\/01\/Bienvenue-APAEI-CF.png","articleSection":{"0":"Actualit\u00e9s","2":"Salons"},"inLanguage":"fr-FR","potentialAction":[{"@type":"CommentAction","name":"Comment","target":["https:\/\/ettic.org\/blog\/2026\/01\/26\/lapaei-de-la-cote-fleurie-rejoint-ettic-normandie\/#respond"]}]},{"@type":"WebPage","@id":"https:\/\/ettic.org\/blog\/2026\/01\/26\/lapaei-de-la-cote-fleurie-rejoint-ettic-normandie\/","url":"https:\/\/ettic.org\/blog\/2026\/01\/26\/lapaei-de-la-cote-fleurie-rejoint-ettic-normandie\/","name":"L\u2019APAEI de la C\u00f4te Fleurie rejoint Ettic \u2013 Normandie - Ettic &amp; Vous","isPartOf":{"@id":"https:\/\/ettic.org\/blog\/#website"},"primaryImageOfPage":{"@id":"https:\/\/ettic.org\/blog\/2026\/01\/26\/lapaei-de-la-cote-fleurie-rejoint-ettic-normandie\/#primaryimage"},"image":{"@id":"https:\/\/ettic.org\/blog\/2026\/01\/26\/lapaei-de-la-cote-fleurie-rejoint-ettic-normandie\/#primaryimage"},"thumbnailUrl":"https:\/\/ettic.org\/blog\/wp-content\/uploads\/2026\/01\/Bienvenue-APAEI-CF.png","datePublished":"2026-01-26T11:17:00+00:00","dateModified":"2026-02-02T13:15:56+00:00","description":"L\u2019APAEI de la C\u00f4te Fleurie rejoint Ettic Normandie pour r\u00e9pondre aux enjeux de recrutement du social et m\u00e9dico-social.","breadcrumb":{"@id":"https:\/\/ettic.org\/blog\/2026\/01\/26\/lapaei-de-la-cote-fleurie-rejoint-ettic-normandie\/#breadcrumb"},"inLanguage":"fr-FR","potentialAction":[{"@type":"ReadAction","target":["https:\/\/ettic.org\/blog\/2026\/01\/26\/lapaei-de-la-cote-fleurie-rejoint-ettic-normandie\/"]}]},{"@type":"ImageObject","inLanguage":"fr-FR","@id":"https:\/\/ettic.org\/blog\/2026\/01\/26\/lapaei-de-la-cote-fleurie-rejoint-ettic-normandie\/#primaryimage","url":"https:\/\/ettic.org\/blog\/wp-content\/uploads\/2026\/01\/Bienvenue-APAEI-CF.png","contentUrl":"https:\/\/ettic.org\/blog\/wp-content\/uploads\/2026\/01\/Bienvenue-APAEI-CF.png","width":1771,"height":1181},{"@type":"BreadcrumbList","@id":"https:\/\/ettic.org\/blog\/2026\/01\/26\/lapaei-de-la-cote-fleurie-rejoint-ettic-normandie\/#breadcrumb","itemListElement":[{"@type":"ListItem","position":1,"name":"Accueil","item":"https:\/\/ettic.org\/blog\/"},{"@type":"ListItem","position":2,"name":"L\u2019APAEI de la C\u00f4te Fleurie rejoint Ettic \u2013 Normandie"}]},{"@type":"WebSite","@id":"https:\/\/ettic.org\/blog\/#website","url":"https:\/\/ettic.org\/blog\/","name":"Ettic blog","description":"Ettic, partageons nos actualit\u00e9s","publisher":{"@id":"https:\/\/ettic.org\/blog\/#organization"},"potentialAction":[{"@type":"SearchAction","target":{"@type":"EntryPoint","urlTemplate":"https:\/\/ettic.org\/blog\/?s={search_term_string}"},"query-input":{"@type":"PropertyValueSpecification","valueRequired":true,"valueName":"search_term_string"}}],"inLanguage":"fr-FR"},{"@type":"Organization","@id":"https:\/\/ettic.org\/blog\/#organization","name":"Ettic blog","url":"https:\/\/ettic.org\/blog\/","logo":{"@type":"ImageObject","inLanguage":"fr-FR","@id":"https:\/\/ettic.org\/blog\/#\/schema\/logo\/image\/","url":"","contentUrl":"","caption":"Ettic blog"},"image":{"@id":"https:\/\/ettic.org\/blog\/#\/schema\/logo\/image\/"}},{"@type":"Person","@id":"https:\/\/ettic.org\/blog\/#\/schema\/person\/caa608dcff7d9713c610186a1e17316e","name":"Aurelie Duroy","image":{"@type":"ImageObject","inLanguage":"fr-FR","@id":"https:\/\/secure.gravatar.com\/avatar\/cea75d831d8e4659b1fbf892b61e7e37ef14779e51fa75359498787d24054434?s=96&d=mm&r=g","url":"https:\/\/secure.gravatar.com\/avatar\/cea75d831d8e4659b1fbf892b61e7e37ef14779e51fa75359498787d24054434?s=96&d=mm&r=g","contentUrl":"https:\/\/secure.gravatar.com\/avatar\/cea75d831d8e4659b1fbf892b61e7e37ef14779e51fa75359498787d24054434?s=96&d=mm&r=g","caption":"Aurelie Duroy"},"url":"https:\/\/ettic.org\/blog\/author\/aurelieettic\/"}]}},"_links":{"self":[{"href":"https:\/\/ettic.org\/blog\/wp-json\/wp\/v2\/posts\/6368","targetHints":{"allow":["GET"]}}],"collection":[{"href":"https:\/\/ettic.org\/blog\/wp-json\/wp\/v2\/posts"}],"about":[{"href":"https:\/\/ettic.org\/blog\/wp-json\/wp\/v2\/types\/post"}],"author":[{"embeddable":true,"href":"https:\/\/ettic.org\/blog\/wp-json\/wp\/v2\/users\/4"}],"replies":[{"embeddable":true,"href":"https:\/\/ettic.org\/blog\/wp-json\/wp\/v2\/comments?post=6368"}],"version-history":[{"count":6,"href":"https:\/\/ettic.org\/blog\/wp-json\/wp\/v2\/posts\/6368\/revisions"}],"predecessor-version":[{"id":6461,"href":"https:\/\/ettic.org\/blog\/wp-json\/wp\/v2\/posts\/6368\/revisions\/6461"}],"wp:featuredmedia":[{"embeddable":true,"href":"https:\/\/ettic.org\/blog\/wp-json\/wp\/v2\/media\/6370"}],"wp:attachment":[{"href":"https:\/\/ettic.org\/blog\/wp-json\/wp\/v2\/media?parent=6368"}],"wp:term":[{"taxonomy":"category","embeddable":true,"href":"https:\/\/ettic.org\/blog\/wp-json\/wp\/v2\/categories?post=6368"},{"taxonomy":"post_tag","embeddable":true,"href":"https:\/\/ettic.org\/blog\/wp-json\/wp\/v2\/tags?post=6368"}],"curies":[{"name":"wp","href":"https:\/\/api.w.org\/{rel}","templated":true}]}}